{"id":11126,"date":"2023-11-27T11:17:04","date_gmt":"2023-11-27T10:17:04","guid":{"rendered":"https:\/\/sindacatomedicitaliani.it\/?p=11126"},"modified":"2023-11-27T11:18:10","modified_gmt":"2023-11-27T10:18:10","slug":"comunicato-stampa-congiu-smi-sardegna-lanciata-la-petizione-per-le-gm","status":"publish","type":"post","link":"https:\/\/sindacatomedicitaliani.it\/index.php\/2023\/11\/27\/comunicato-stampa-congiu-smi-sardegna-lanciata-la-petizione-per-le-gm\/","title":{"rendered":"Comunicato Stampa &#8211; Congiu &#8211; SMI Sardegna &#8211; lanciata la petizione per le GM"},"content":{"rendered":"\t\t<div data-elementor-type=\"wp-post\" data-elementor-id=\"11126\" class=\"elementor elementor-11126\">\n\t\t\t\t\t\t<section class=\"elementor-section elementor-top-section elementor-element elementor-element-548f498e elementor-section-boxed elementor-section-height-default elementor-section-height-default\" data-id=\"548f498e\" data-element_type=\"section\">\n\t\t\t\t\t\t<div class=\"elementor-container elementor-column-gap-default\">\n\t\t\t\t\t<div class=\"elementor-column elementor-col-100 elementor-top-column elementor-element elementor-element-46d278bd\" data-id=\"46d278bd\" data-element_type=\"column\">\n\t\t\t<div class=\"elementor-widget-wrap elementor-element-populated\">\n\t\t\t\t\t\t<div class=\"elementor-element elementor-element-4e65d51 elementor-widget elementor-widget-image\" data-id=\"4e65d51\" data-element_type=\"widget\" data-widget_type=\"image.default\">\n\t\t\t\t<div class=\"elementor-widget-container\">\n\t\t\t\t\t\t\t\t\t\t\t\t\t<img decoding=\"async\" width=\"245\" height=\"138\" src=\"https:\/\/sindacatomedicitaliani.it\/wp-content\/uploads\/2020\/11\/logosmi-1.jpg\" class=\"attachment-large size-large wp-image-4218\" alt=\"\" \/>\t\t\t\t\t\t\t\t\t\t\t\t\t<\/div>\n\t\t\t\t<\/div>\n\t\t\t\t<div class=\"elementor-element elementor-element-7f2ad2a elementor-widget elementor-widget-text-editor\" data-id=\"7f2ad2a\" data-element_type=\"widget\" data-widget_type=\"text-editor.default\">\n\t\t\t\t<div class=\"elementor-widget-container\">\n\t\t\t\t\t\t\t<h6 style=\"font-variant-ligatures: normal; font-variant-caps: normal; font-style: normal;\"><strong style=\"font-size: 22px;\">Comunicato Stampa<\/strong><\/h6>\t\t\t\t\t\t<\/div>\n\t\t\t\t<\/div>\n\t\t\t\t<div class=\"elementor-element elementor-element-7ba59fc elementor-widget elementor-widget-text-editor\" data-id=\"7ba59fc\" data-element_type=\"widget\" data-widget_type=\"text-editor.default\">\n\t\t\t\t<div class=\"elementor-widget-container\">\n\t\t\t\t\t\t\t<h6><strong>\u201cAvviata la petizione popolare contro la chiusura delle Guardie Mediche in Sardegna. Raccolte 1200 firme in un giorno\u201d<\/strong><\/h6><h6><strong>Dichiarazione di Luciano Congiu, Segretario Regionale Sindacato Medici Italiani (SMI) Sardegna<\/strong><\/h6>\t\t\t\t\t\t<\/div>\n\t\t\t\t<\/div>\n\t\t\t\t<div class=\"elementor-element elementor-element-34923582 elementor-widget elementor-widget-text-editor\" data-id=\"34923582\" data-element_type=\"widget\" data-widget_type=\"text-editor.default\">\n\t\t\t\t<div class=\"elementor-widget-container\">\n\t\t\t\t\t\t\t<div><p>Cagliari 27 nov.- \u201cLa tutela della salute della popolazione sarda \u00e8 a rischio perch\u00e9 nel prossimo Accordo Integrativo Regionale della Sardegna per la medicina generale l\u2019attuale Giunta Regionale intende accorpare e ridurre enormemente il numero delle Guardie Mediche in Sardegna (da 191 a circa 50) con turni per i medici di circa 4\/6 ore e chiusura del servizio a mezzanotte, per queste ragioni abbiamo promosso una petizione popolare che in un giorno ha raccolto 1200 firme\u201d cos\u00ec Luciano Congiu, Segretario Regionale del SMI Sardegna.<br \/>\u201cIl Governo Regionale, in questo modo, intenderebbe chiudere il 78% delle Guardie Mediche della Sardegna a mezzanotte. Questo porter\u00e0 di fatto allo smantellamento del servizio di Continuit\u00e0 Assistenziale (ex Guardia Medica). Le conseguenze saranno che ovunque (come gi\u00e0 succede in Lombardia), a cominciare dalle zone pi\u00f9 disagiate, si perder\u00e0, progressivamente, un servizio essenziale per la popolazione sarda che verr\u00e0 cos\u00ec costretta a ricorrere al 118 e ai Pronto Soccorso Ospedalieri che sono gi\u00e0 in crisi, con la fuga dei medici dalle zone pi\u00f9 sfavorite della regione, dalla medicina del territorio e dal servizio pubblico. Si creer\u00e0 una situazione nella quale sar\u00e0 irrealizzabile che i pochi medici in servizio, possano effettuare, su ambiti territoriali cos\u00ec estesi, anche le visite domiciliari\u201d.<br \/>\u201cNe conseguir\u00e0 che ovunque, ma soprattutto in molte zone disagiate o disagiatissime, verr\u00e0 meno l\u2019unico riferimento sanitario per la popolazione, che sar\u00e0 costretta a ricorrere al 118 o direttamente ai Pronto Soccorso, con un fenomeno a cascata e sovraccarico lavorativo su altri comparti, inclusi i medici di famiglia. Per fare un esempio, per una Guardia Medica di Decimomannu che rimarr\u00e0 aperta h24 chiuderanno, invece, a mezzanotte le guardie mediche di: Elmas, Assemini, Uta, San Sperate, Siliqua, Villasor, ecc.\u201d.<br \/>\u201cChiediamo, per queste ragioni, la firma di tutti i cittadini per salvaguardare la Continuit\u00e0 Assistenziale (guardia medica), preservare la sua attivit\u00e0 per l\u2019intero orario consueto (notturno, prefestivo e festivo) e garantire alla popolazione questo indispensabile servizio della medicina del territorio. Si pu\u00f2 firmare su Change.org (di seguito il link: <a href=\"https:\/\/chng.it\/vpKG4Njr\">https:\/\/chng.it\/vpKG4Njr<\/a>) o presso gli ambulatori dei medici di famiglia\u201d.<\/p><\/div><p><em><strong>Ufficio Stampa<\/strong><\/em><\/p>\t\t\t\t\t\t<\/div>\n\t\t\t\t<\/div>\n\t\t\t\t\t<\/div>\n\t\t<\/div>\n\t\t\t\t\t<\/div>\n\t\t<\/section>\n\t\t\t\t<\/div>\n\t\t","protected":false},"excerpt":{"rendered":"<p>Comunicato Stampa \u201cAvviata la petizione popolare contro la chiusura delle Guardie Mediche in Sardegna. Raccolte [&hellip;]<\/p>\n","protected":false},"author":2,"featured_media":10540,"comment_status":"closed","ping_status":"open","sticky":false,"template":"","format":"standard","meta":{"footnotes":""},"categories":[11,12],"tags":[109,38,57,71,130,73,36,54,72,53,75,133,44,47,56,63,107,68,134,69,62,39,136,70,55,37],"_links":{"self":[{"href":"https:\/\/sindacatomedicitaliani.it\/index.php\/wp-json\/wp\/v2\/posts\/11126"}],"collection":[{"href":"https:\/\/sindacatomedicitaliani.it\/index.php\/wp-json\/wp\/v2\/posts"}],"about":[{"href":"https:\/\/sindacatomedicitaliani.it\/index.php\/wp-json\/wp\/v2\/types\/post"}],"author":[{"embeddable":true,"href":"https:\/\/sindacatomedicitaliani.it\/index.php\/wp-json\/wp\/v2\/users\/2"}],"replies":[{"embeddable":true,"href":"https:\/\/sindacatomedicitaliani.it\/index.php\/wp-json\/wp\/v2\/comments?post=11126"}],"version-history":[{"count":4,"href":"https:\/\/sindacatomedicitaliani.it\/index.php\/wp-json\/wp\/v2\/posts\/11126\/revisions"}],"predecessor-version":[{"id":11130,"href":"https:\/\/sindacatomedicitaliani.it\/index.php\/wp-json\/wp\/v2\/posts\/11126\/revisions\/11130"}],"wp:featuredmedia":[{"embeddable":true,"href":"https:\/\/sindacatomedicitaliani.it\/index.php\/wp-json\/wp\/v2\/media\/10540"}],"wp:attachment":[{"href":"https:\/\/sindacatomedicitaliani.it\/index.php\/wp-json\/wp\/v2\/media?parent=11126"}],"wp:term":[{"taxonomy":"category","embeddable":true,"href":"https:\/\/sindacatomedicitaliani.it\/index.php\/wp-json\/wp\/v2\/categories?post=11126"},{"taxonomy":"post_tag","embeddable":true,"href":"https:\/\/sindacatomedicitaliani.it\/index.php\/wp-json\/wp\/v2\/tags?post=11126"}],"curies":[{"name":"wp","href":"https:\/\/api.w.org\/{rel}","templated":true}]}}