{"id":11430,"date":"2024-02-20T17:46:53","date_gmt":"2024-02-20T16:46:53","guid":{"rendered":"https:\/\/sindacatomedicitaliani.it\/?p=11430"},"modified":"2024-02-20T17:48:07","modified_gmt":"2024-02-20T16:48:07","slug":"comunicato-stampa-audizione-schillaci_fabiolafini","status":"publish","type":"post","link":"https:\/\/sindacatomedicitaliani.it\/index.php\/2024\/02\/20\/comunicato-stampa-audizione-schillaci_fabiolafini\/","title":{"rendered":"Comunicato Stampa &#8211; audizione Schillaci_FabiolaFini"},"content":{"rendered":"\t\t<div data-elementor-type=\"wp-post\" data-elementor-id=\"11430\" class=\"elementor elementor-11430\">\n\t\t\t\t\t\t<section class=\"elementor-section elementor-top-section elementor-element elementor-element-548f498e elementor-section-boxed elementor-section-height-default elementor-section-height-default\" data-id=\"548f498e\" data-element_type=\"section\">\n\t\t\t\t\t\t<div class=\"elementor-container elementor-column-gap-default\">\n\t\t\t\t\t<div class=\"elementor-column elementor-col-100 elementor-top-column elementor-element elementor-element-46d278bd\" data-id=\"46d278bd\" data-element_type=\"column\">\n\t\t\t<div class=\"elementor-widget-wrap elementor-element-populated\">\n\t\t\t\t\t\t<div class=\"elementor-element elementor-element-4e65d51 elementor-widget elementor-widget-image\" data-id=\"4e65d51\" data-element_type=\"widget\" data-widget_type=\"image.default\">\n\t\t\t\t<div class=\"elementor-widget-container\">\n\t\t\t\t\t\t\t\t\t\t\t\t\t<img decoding=\"async\" width=\"300\" height=\"130\" src=\"https:\/\/sindacatomedicitaliani.it\/wp-content\/uploads\/2023\/12\/smiconfsalLOGO-300x130.png\" class=\"attachment-medium size-medium wp-image-11145\" alt=\"\" srcset=\"https:\/\/sindacatomedicitaliani.it\/wp-content\/uploads\/2023\/12\/smiconfsalLOGO-300x130.png 300w, https:\/\/sindacatomedicitaliani.it\/wp-content\/uploads\/2023\/12\/smiconfsalLOGO-1024x444.png 1024w, https:\/\/sindacatomedicitaliani.it\/wp-content\/uploads\/2023\/12\/smiconfsalLOGO-768x333.png 768w, https:\/\/sindacatomedicitaliani.it\/wp-content\/uploads\/2023\/12\/smiconfsalLOGO.png 1320w\" sizes=\"(max-width: 300px) 100vw, 300px\" \/>\t\t\t\t\t\t\t\t\t\t\t\t\t<\/div>\n\t\t\t\t<\/div>\n\t\t\t\t<div class=\"elementor-element elementor-element-7f2ad2a elementor-widget elementor-widget-text-editor\" data-id=\"7f2ad2a\" data-element_type=\"widget\" data-widget_type=\"text-editor.default\">\n\t\t\t\t<div class=\"elementor-widget-container\">\n\t\t\t\t\t\t\t<h6 style=\"font-variant-ligatures: normal; font-variant-caps: normal; font-style: normal;\"><strong style=\"font-size: 22px;\">Comunicato Stampa<\/strong><\/h6>\t\t\t\t\t\t<\/div>\n\t\t\t\t<\/div>\n\t\t\t\t<div class=\"elementor-element elementor-element-7ba59fc elementor-widget elementor-widget-text-editor\" data-id=\"7ba59fc\" data-element_type=\"widget\" data-widget_type=\"text-editor.default\">\n\t\t\t\t<div class=\"elementor-widget-container\">\n\t\t\t\t\t\t\t<h6><strong>Audizione del Ministro della Salute Schillaci<\/strong><\/h6><h6><strong>\u201cLa mancanza 4.500 medici e circa 10.000 infermieri a livello nazionale mette a rischio <br \/>il futuro della medicina dell\u2019emergenza-urgenza e dei pronto soccorso nel nostro Paese!\u201d<\/strong><\/h6><h6><strong>Dichiarazione di Fabiola Fini, Vice Segretario Nazionale Sindacato Medici Italiani<\/strong><\/h6>\t\t\t\t\t\t<\/div>\n\t\t\t\t<\/div>\n\t\t\t\t<div class=\"elementor-element elementor-element-34923582 elementor-widget elementor-widget-text-editor\" data-id=\"34923582\" data-element_type=\"widget\" data-widget_type=\"text-editor.default\">\n\t\t\t\t<div class=\"elementor-widget-container\">\n\t\t\t\t\t\t\t<p>Roma,20 febb. &nbsp;\u201cDestano forti preoccupazioni i contenuti dell\u2019audizione del Ministro della salute Orazio Schillaci sullo stato della medicina di emergenza e sui Pronto soccorso nel nostro paese a partire dal fatto che mancherebbero 4.500 medici e circa 10.000 infermieri a livello nazionale\u201d cos\u00ec Fabiola Fini, Vice Segretario Nazionale del Sindacato Medici Italiani. <br>\u201cNon si pu\u00f2 affermare, invece, come fa il ministro, che il sovraffollamento dei Pronto Soccorso \u00e8 dovuto anche per responsabilit\u00e0 dell&#8217;assistenza extra-ospedaliera nella gestione degli accessi evitabili. Forse qualcosa non \u00e8 andato nel verso giusto in questi anni a partire dalle politiche dei tetti di spesa per le assunzioni del personale e a causa degli stipendi italiani, sotto la media europea per i medici, che hanno determinato lo svuotamento dei dipartimenti di emergenza urgenza. Da questo bisognerebbe partire per superare la scarsa attrattivit\u00e0 del Sistema Sanitario Pubblico che soffre molto nel reperire figure specialistiche e fa ricorso ad un mercato di prestatori d\u2019opera estranei al sistema che ne precarizzano l\u2019organizzazione del lavoro. Deludente il ministro sul fatto che non abbia menzionato per niente le questioni inerenti al servizio del 118 e alla necessaria connessione tra l\u2019assistenza pre ospedaliera e quella ospedaliera\u201d.<br>\u201cPer queste ragioni ci battiamo affinch\u00e9 venga riconosciuta l\u2019indennit\u00e0 di lavoro usurante ai medici dell\u2019emergenza-urgenza, (medici di PS e di 118); tale riconoscimento comporterebbe un\u2019indennit\u00e0 economica e pensionistica adeguata e giusta, al fine di diventare un\u2019attivit\u00e0 scelta dai professionisti per il valore aggiunto che viene riconosciuto.<br>Allo stesso tempo abbiamo bisogno d\u2019ipotizzare una reale staffetta generazionale, tenendo conto dell\u2019et\u00e0 elevata dei medici del sistema emergenza- urgenza e della necessit\u00e0 di formazione dei neo assunti con articolazioni di lavoro che incentivano la permanenza in servizio. I medici specializzandi che si trovano di fatto a gestire attivit\u00e0 di reparto con grandi responsabilit\u00e0 e rischi medico legali vengono retribuiti molto meno degli altri colleghi con borse di studio. Per gli specializzandi deve esser previsto un nuovo contratto di formazione lavoro con tutti i diritti le tutele dei dipendenti del SSN.<br>Proponiamo, inoltre, che vi sia un atto d\u2019indirizzo tra Stato e Regioni al fine d\u2019individuare aree di attivit\u00e0 della emergenza territoriale per il miglioramento dei servizi e per richiedere l&#8217;instaurarsi di un rapporto d&#8217;impiego.<br><span style=\"color: var( --e-global-color-text ); font-family: var( --e-global-typography-text-font-family ), Sans-serif; font-weight: var( --e-global-typography-text-font-weight ); background-color: var(--wp--preset--color--background-secondary); font-size: var(--wp--preset--font-size--normal);\">Si rende necessario, infine, standardizzare il profilo giuridico e professionale del personale medico per integrare il sistema di emergenza preospedaliera con quella intraospedaliera al fine di innalzare ai livelli di qualit\u00e0 e di efficienza il sistema di emergenza in Italia. Il decreto 70\/2015 ha comportato la chiusura dei piccoli presidi ospedalieri allontanando sempre di pi\u00f9 l\u2019ospedale dal cittadino, l\u2019evolversi dei PTDA (percorsi terapeutico-diagnostico assistenziali) comporta che il medico di emergenza\/urgenza preospedaliera lavori in simbiosi con quello del sistema ospedaliero di emergenza, per la salvaguardia della continuit\u00e0 della cura cui ha diritto il paziente\u201d.<br><\/span><span style=\"color: var( --e-global-color-text ); font-family: var( --e-global-typography-text-font-family ), Sans-serif; font-weight: var( --e-global-typography-text-font-weight ); background-color: var(--wp--preset--color--background-secondary); font-size: var(--wp--preset--font-size--normal);\">\u201cNon abbiamo intravisto, ci duole dirlo, oltre all\u2019illustrazione di dati riferiti allo stato dell\u2019arte della medicina dell\u2019emergenza-urgenza e del pronto soccorso, una visione strategica del settore e delle risposte concrete alla criticit\u00e0 presenti, n\u00e9 tanto meno tener conto della sempre pi\u00f9 grande presenza delle donne che lavorano in sanit\u00e0, con la conseguente necessit\u00e0 di prevedere una seria politica delle pari opportunit\u00e0\u201d.<\/span><\/p>\n<p><strong>Ufficio Stampa<\/strong><\/p>\t\t\t\t\t\t<\/div>\n\t\t\t\t<\/div>\n\t\t\t\t\t<\/div>\n\t\t<\/div>\n\t\t\t\t\t<\/div>\n\t\t<\/section>\n\t\t\t\t<\/div>\n\t\t","protected":false},"excerpt":{"rendered":"<p>Comunicato Stampa Audizione del Ministro della Salute Schillaci \u201cLa mancanza 4.500 medici e circa 10.000 [&hellip;]<\/p>\n","protected":false},"author":2,"featured_media":11196,"comment_status":"closed","ping_status":"open","sticky":false,"template":"","format":"standard","meta":{"footnotes":""},"categories":[11,12],"tags":[33,31,59,131,109,139,38,57,71,138,130,73,54,72,53,75,44,102,47,56,63,107,68,69,62,39,132,70,137,55,37],"_links":{"self":[{"href":"https:\/\/sindacatomedicitaliani.it\/index.php\/wp-json\/wp\/v2\/posts\/11430"}],"collection":[{"href":"https:\/\/sindacatomedicitaliani.it\/index.php\/wp-json\/wp\/v2\/posts"}],"about":[{"href":"https:\/\/sindacatomedicitaliani.it\/index.php\/wp-json\/wp\/v2\/types\/post"}],"author":[{"embeddable":true,"href":"https:\/\/sindacatomedicitaliani.it\/index.php\/wp-json\/wp\/v2\/users\/2"}],"replies":[{"embeddable":true,"href":"https:\/\/sindacatomedicitaliani.it\/index.php\/wp-json\/wp\/v2\/comments?post=11430"}],"version-history":[{"count":4,"href":"https:\/\/sindacatomedicitaliani.it\/index.php\/wp-json\/wp\/v2\/posts\/11430\/revisions"}],"predecessor-version":[{"id":11434,"href":"https:\/\/sindacatomedicitaliani.it\/index.php\/wp-json\/wp\/v2\/posts\/11430\/revisions\/11434"}],"wp:featuredmedia":[{"embeddable":true,"href":"https:\/\/sindacatomedicitaliani.it\/index.php\/wp-json\/wp\/v2\/media\/11196"}],"wp:attachment":[{"href":"https:\/\/sindacatomedicitaliani.it\/index.php\/wp-json\/wp\/v2\/media?parent=11430"}],"wp:term":[{"taxonomy":"category","embeddable":true,"href":"https:\/\/sindacatomedicitaliani.it\/index.php\/wp-json\/wp\/v2\/categories?post=11430"},{"taxonomy":"post_tag","embeddable":true,"href":"https:\/\/sindacatomedicitaliani.it\/index.php\/wp-json\/wp\/v2\/tags?post=11430"}],"curies":[{"name":"wp","href":"https:\/\/api.w.org\/{rel}","templated":true}]}}