{"id":11719,"date":"2024-04-29T11:07:47","date_gmt":"2024-04-29T09:07:47","guid":{"rendered":"https:\/\/sindacatomedicitaliani.it\/?p=11719"},"modified":"2024-04-29T11:09:25","modified_gmt":"2024-04-29T09:09:25","slug":"comunicato-stampa-assimefac_numerochiuso","status":"publish","type":"post","link":"https:\/\/sindacatomedicitaliani.it\/index.php\/2024\/04\/29\/comunicato-stampa-assimefac_numerochiuso\/","title":{"rendered":"Comunicato Stampa &#8211; Assimefac_NumeroChiuso"},"content":{"rendered":"\t\t<div data-elementor-type=\"wp-post\" data-elementor-id=\"11719\" class=\"elementor elementor-11719\">\n\t\t\t\t\t\t<section class=\"elementor-section elementor-top-section elementor-element elementor-element-548f498e elementor-section-boxed elementor-section-height-default elementor-section-height-default\" data-id=\"548f498e\" data-element_type=\"section\">\n\t\t\t\t\t\t<div class=\"elementor-container elementor-column-gap-default\">\n\t\t\t\t\t<div class=\"elementor-column elementor-col-100 elementor-top-column elementor-element elementor-element-46d278bd\" data-id=\"46d278bd\" data-element_type=\"column\">\n\t\t\t<div class=\"elementor-widget-wrap elementor-element-populated\">\n\t\t\t\t\t\t<div class=\"elementor-element elementor-element-4e65d51 elementor-widget elementor-widget-image\" data-id=\"4e65d51\" data-element_type=\"widget\" data-widget_type=\"image.default\">\n\t\t\t\t<div class=\"elementor-widget-container\">\n\t\t\t\t\t\t\t\t\t\t\t\t\t<img decoding=\"async\" width=\"300\" height=\"130\" src=\"https:\/\/sindacatomedicitaliani.it\/wp-content\/uploads\/2023\/12\/smiconfsalLOGO-300x130.png\" class=\"attachment-medium size-medium wp-image-11145\" alt=\"\" srcset=\"https:\/\/sindacatomedicitaliani.it\/wp-content\/uploads\/2023\/12\/smiconfsalLOGO-300x130.png 300w, https:\/\/sindacatomedicitaliani.it\/wp-content\/uploads\/2023\/12\/smiconfsalLOGO-1024x444.png 1024w, https:\/\/sindacatomedicitaliani.it\/wp-content\/uploads\/2023\/12\/smiconfsalLOGO-768x333.png 768w, https:\/\/sindacatomedicitaliani.it\/wp-content\/uploads\/2023\/12\/smiconfsalLOGO.png 1320w\" sizes=\"(max-width: 300px) 100vw, 300px\" \/>\t\t\t\t\t\t\t\t\t\t\t\t\t<\/div>\n\t\t\t\t<\/div>\n\t\t\t\t<div class=\"elementor-element elementor-element-7f2ad2a elementor-widget elementor-widget-text-editor\" data-id=\"7f2ad2a\" data-element_type=\"widget\" data-widget_type=\"text-editor.default\">\n\t\t\t\t<div class=\"elementor-widget-container\">\n\t\t\t\t\t\t\t<h6 style=\"font-variant-ligatures: normal; font-variant-caps: normal; font-style: normal;\"><strong style=\"font-size: 22px;\">Comunicato Stampa<\/strong><\/h6>\t\t\t\t\t\t<\/div>\n\t\t\t\t<\/div>\n\t\t\t\t<div class=\"elementor-element elementor-element-7ba59fc elementor-widget elementor-widget-text-editor\" data-id=\"7ba59fc\" data-element_type=\"widget\" data-widget_type=\"text-editor.default\">\n\t\t\t\t<div class=\"elementor-widget-container\">\n\t\t\t\t\t\t\t<h6><strong>Riforma del numero chiuso per medicina: <br \/>\u201cProporre l\u2019accesso libero al primo semestre \u00e8 una scelta contraria al merito!\u201d<\/strong><\/h6><h6>Dichiarazione di Leonida Iannantuoni Presidente di ASSIMEFAC<\/h6>\t\t\t\t\t\t<\/div>\n\t\t\t\t<\/div>\n\t\t\t\t<div class=\"elementor-element elementor-element-34923582 elementor-widget elementor-widget-text-editor\" data-id=\"34923582\" data-element_type=\"widget\" data-widget_type=\"text-editor.default\">\n\t\t\t\t<div class=\"elementor-widget-container\">\n\t\t\t\t\t\t\t<p>Roma, 29 apr.- \u201cDopo l\u2019adozione del testo unico al Senato in merito alle \u2018Disposizioni in materia di abolizione del numero chiuso o programmato per l\u2019accesso ai corsi di laurea in medicina e chirurgia e delle professioni sanitarie\u2019, intendiamo esprimere le nostre perplessit\u00e0, se non il nostro dissenso, su tale proposta legislativa\u201d cos\u00ec Leonida Iannantuoni, Presidente di Assimefac (Associazione Societ\u00e0 Scientifica Interdisciplinare e di Medicina di Famiglia e Comunit\u00e0).<br \/>\u201cIl nostro disaccordo, non vuole essere una mera difesa corporativa della categoria, n\u00e9 tantomeno la tutela dello status quo, ma \u00e8 basato sull\u2019analisi della situazione delle quarantatre facolt\u00e0 di medicina dislocate nel paese, totalmente impreparate all\u2019accoglienza di decine di migliaia aspiranti alla professione medica. Ricordiamo che il numero chiuso, in vigore da 25 anni e introdotto per porre fine ad un\u2019insostenibile pletora medica, ha generato una organizzazione logistica in termini di aule, laboratori, biblioteche e personale docente delle universit\u00e0, calibrata sull\u2019accesso, per sede, di poche centinaia, se non di decine, di iscritti all\u2019anno\u201d.<br \/>\u201cProporre un accesso libero, anche se solo al primo semestre, comporterebbe una sproporzione tra numero di studenti e capacit\u00e0 didattica delle facolt\u00e0 di medicina, sproporzione che renderebbe improponibile proprio uno degli obbiettivi del disegno di legge, ovvero un\u2019equa selezione basata sul merito\u201d.<br \/>\u201cPer questi motivi, esprimiamo la nostra contrariet\u00e0 alla proposta e allo stesso tempo, consapevoli della situazione di sofferenza del Servizio Sanitario Nazionale per la carenza di personale medico, ribadiamo che siamo favorevoli al mantenimento del numero programmato per l\u2019accesso alle facolt\u00e0 mediche, basato, sulla determinazione del fabbisogno di personale medico, sulla capacit\u00e0 di offerta didattica delle varie sedi universitarie e su una corretta programmazione\u201d.<br \/>\u201cRiconoscendo l\u2019impegno e la buona volont\u00e0 espressa da tutti i componenti della Commissione Cultura del Senato, offriamo la nostra piena collaborazione a supporto di questa ed altre future proposte legislative in ambito sanitario\u201d.<\/p><p><strong>Ufficio Stampa<\/strong><\/p>\t\t\t\t\t\t<\/div>\n\t\t\t\t<\/div>\n\t\t\t\t\t<\/div>\n\t\t<\/div>\n\t\t\t\t\t<\/div>\n\t\t<\/section>\n\t\t\t\t<\/div>\n\t\t","protected":false},"excerpt":{"rendered":"<p>Comunicato Stampa Riforma del numero chiuso per medicina: \u201cProporre l\u2019accesso libero al primo semestre \u00e8 [&hellip;]<\/p>\n","protected":false},"author":2,"featured_media":11720,"comment_status":"closed","ping_status":"open","sticky":false,"template":"elementor_canvas","format":"standard","meta":{"footnotes":""},"categories":[11,12],"tags":[33,31,59,131,109,139,38,57,71,138,130,73,54,72,53,75,44,102,47,56,63,107,68,69,62,39,132,70,137,55,37],"_links":{"self":[{"href":"https:\/\/sindacatomedicitaliani.it\/index.php\/wp-json\/wp\/v2\/posts\/11719"}],"collection":[{"href":"https:\/\/sindacatomedicitaliani.it\/index.php\/wp-json\/wp\/v2\/posts"}],"about":[{"href":"https:\/\/sindacatomedicitaliani.it\/index.php\/wp-json\/wp\/v2\/types\/post"}],"author":[{"embeddable":true,"href":"https:\/\/sindacatomedicitaliani.it\/index.php\/wp-json\/wp\/v2\/users\/2"}],"replies":[{"embeddable":true,"href":"https:\/\/sindacatomedicitaliani.it\/index.php\/wp-json\/wp\/v2\/comments?post=11719"}],"version-history":[{"count":4,"href":"https:\/\/sindacatomedicitaliani.it\/index.php\/wp-json\/wp\/v2\/posts\/11719\/revisions"}],"predecessor-version":[{"id":11724,"href":"https:\/\/sindacatomedicitaliani.it\/index.php\/wp-json\/wp\/v2\/posts\/11719\/revisions\/11724"}],"wp:featuredmedia":[{"embeddable":true,"href":"https:\/\/sindacatomedicitaliani.it\/index.php\/wp-json\/wp\/v2\/media\/11720"}],"wp:attachment":[{"href":"https:\/\/sindacatomedicitaliani.it\/index.php\/wp-json\/wp\/v2\/media?parent=11719"}],"wp:term":[{"taxonomy":"category","embeddable":true,"href":"https:\/\/sindacatomedicitaliani.it\/index.php\/wp-json\/wp\/v2\/categories?post=11719"},{"taxonomy":"post_tag","embeddable":true,"href":"https:\/\/sindacatomedicitaliani.it\/index.php\/wp-json\/wp\/v2\/tags?post=11719"}],"curies":[{"name":"wp","href":"https:\/\/api.w.org\/{rel}","templated":true}]}}