{"id":11954,"date":"2024-07-30T18:44:59","date_gmt":"2024-07-30T16:44:59","guid":{"rendered":"https:\/\/sindacatomedicitaliani.it\/?p=11954"},"modified":"2024-07-30T18:46:10","modified_gmt":"2024-07-30T16:46:10","slug":"comunicato-stampa-protano_letteradirettore","status":"publish","type":"post","link":"https:\/\/sindacatomedicitaliani.it\/index.php\/2024\/07\/30\/comunicato-stampa-protano_letteradirettore\/","title":{"rendered":"Comunicato Stampa &#8211; Protano_letteradirettore"},"content":{"rendered":"\t\t<div data-elementor-type=\"wp-post\" data-elementor-id=\"11954\" class=\"elementor elementor-11954\">\n\t\t\t\t\t\t<section class=\"elementor-section elementor-top-section elementor-element elementor-element-548f498e elementor-section-boxed elementor-section-height-default elementor-section-height-default\" data-id=\"548f498e\" data-element_type=\"section\">\n\t\t\t\t\t\t<div class=\"elementor-container elementor-column-gap-default\">\n\t\t\t\t\t<div class=\"elementor-column elementor-col-100 elementor-top-column elementor-element elementor-element-46d278bd\" data-id=\"46d278bd\" data-element_type=\"column\">\n\t\t\t<div class=\"elementor-widget-wrap elementor-element-populated\">\n\t\t\t\t\t\t<div class=\"elementor-element elementor-element-4e65d51 elementor-widget elementor-widget-image\" data-id=\"4e65d51\" data-element_type=\"widget\" data-widget_type=\"image.default\">\n\t\t\t\t<div class=\"elementor-widget-container\">\n\t\t\t\t\t\t\t\t\t\t\t\t\t<img decoding=\"async\" width=\"300\" height=\"130\" src=\"https:\/\/sindacatomedicitaliani.it\/wp-content\/uploads\/2023\/12\/smiconfsalLOGO-300x130.png\" class=\"attachment-medium size-medium wp-image-11145\" alt=\"\" srcset=\"https:\/\/sindacatomedicitaliani.it\/wp-content\/uploads\/2023\/12\/smiconfsalLOGO-300x130.png 300w, https:\/\/sindacatomedicitaliani.it\/wp-content\/uploads\/2023\/12\/smiconfsalLOGO-1024x444.png 1024w, https:\/\/sindacatomedicitaliani.it\/wp-content\/uploads\/2023\/12\/smiconfsalLOGO-768x333.png 768w, https:\/\/sindacatomedicitaliani.it\/wp-content\/uploads\/2023\/12\/smiconfsalLOGO.png 1320w\" sizes=\"(max-width: 300px) 100vw, 300px\" \/>\t\t\t\t\t\t\t\t\t\t\t\t\t<\/div>\n\t\t\t\t<\/div>\n\t\t\t\t<div class=\"elementor-element elementor-element-7f2ad2a elementor-widget elementor-widget-text-editor\" data-id=\"7f2ad2a\" data-element_type=\"widget\" data-widget_type=\"text-editor.default\">\n\t\t\t\t<div class=\"elementor-widget-container\">\n\t\t\t\t\t\t\t<h6 style=\"font-variant-ligatures: normal; font-variant-caps: normal; font-style: normal;\"><strong style=\"font-size: 22px;\">Comunicato Stampa<\/strong><\/h6>\t\t\t\t\t\t<\/div>\n\t\t\t\t<\/div>\n\t\t\t\t<div class=\"elementor-element elementor-element-7ba59fc elementor-widget elementor-widget-text-editor\" data-id=\"7ba59fc\" data-element_type=\"widget\" data-widget_type=\"text-editor.default\">\n\t\t\t\t<div class=\"elementor-widget-container\">\n\t\t\t\t\t\t\t<h6>Lettera al Direttore di QS, sul ritardo con cui viene erogato il Trattamento di Fine Servizio <br \/>per i dipendenti pubblici. <br \/>Di Manlio Protano del Consiglio Nazionale del Sindacato Medici Italiani (SMI)<\/h6>\t\t\t\t\t\t<\/div>\n\t\t\t\t<\/div>\n\t\t\t\t<div class=\"elementor-element elementor-element-34923582 elementor-widget elementor-widget-text-editor\" data-id=\"34923582\" data-element_type=\"widget\" data-widget_type=\"text-editor.default\">\n\t\t\t\t<div class=\"elementor-widget-container\">\n\t\t\t\t\t\t\t<p><span style=\"color: var( --e-global-color-text ); font-family: var( --e-global-typography-text-font-family ), Sans-serif; font-weight: var( --e-global-typography-text-font-weight ); background-color: var(--wp--preset--color--background); font-size: var(--wp--preset--font-size--normal);\">Roma, 30 luglio 2024<\/span><\/p><p>Gentile Direttore,<\/p><p>la Corte Costituzionale ha sancito, nel giugno scorso, con la sua sentenza n. 130 che il ritardo con cui viene erogato il Trattamento di Fine Servizio (TFS) ai dipendenti pubblici non trova alcuna giustificazione legittima ed \u00e8 incompatibile con la Costituzione. La Corte Costituzionale ha rivolto, inoltre, un invito pressante al legislatore a rimuovere gradualmente tale differimento.<\/p><p>Si tratta di somme salariali che devono essere, seppur differite, considerate di propriet\u00e0 del lavoratore, da riscuotere al momento del pensionamento. Ci chiediamo a questo punto, cosa faccia il Governo su questa questione? Di fronte alla precisa e inconfutabile indicazione della Corte Costituzionale, di provvedere alla liquidazione di queste somme del TFS ai lavoratori, non si vedono provvedimenti legislativi per tale scopo. Non considerando che gi\u00e0 ora i margini di un contezioso (ovviamente gi\u00e0 gravoso per lo Stato, perch\u00e9 carico di costi di causa perdente) renderebbero pi\u00f9 ragionevole una soluzione concreta ed immediata.<\/p><p>Viene ventilato, invece, come soluzione: la ridefinizione a maggior favore degli accordi con le banche convenzionate per l\u2019anticipo fino a 45000 euro del TFS. Consideriamo inadeguato questo provvedimento.<\/p><p>Il nocciolo duro della questione, a nostro avviso, \u00e8 il differimento della liquidazione per l\u2019intero valore (non certo di 45000 euro). I lavoratori, infatti, hanno solo due possibilit\u00e0: o aspettare anni (troppi, cinque o pi\u00f9) per vedere arrivare i loro soldi (magari anche dopo i 70 anni) oppure ricorrono, con il consenso dell\u2019INPS, a prestiti bancari, cedendo il credito, alle banche erogatrici, dell\u2019importo pari all&#8217;anticipo richiesto del TFS.<\/p><p>Una manovra ingiusta perch\u00e9 i lavoratori devono pagare interessi per un prestito su quanto di loro diritto. Il TFS, infatti, non deve essere considerato di propriet\u00e0 dell\u2019INPS, ma, va ribadito, \u00e8 salario differito del lavoratore.<\/p><p>Nell\u2019erogazione del TFS, inoltre, si aggiungono i ritardi dell\u2019erogazione del TFS oltre al differimento dello stesso) dovute alle carenze di personale INPS. A titolo di esempio in Lombardia solo la sede INPS di Como, in fortissima carenza di personale, deve provvedere alla gestione dei TFS di tutti i lavoratori aventi diritto in Lombardia.<\/p><p>Per noi ormai la misura \u00e8 colma. Per queste ragioni facciamo due semplici e concrete proposte alla DG Valeria Vittimberga, il nuovo direttore generale dell&#8217;Inps e al Governo, per evitare l\u2019avvio di azioni legali di tutela in tutto il Paese: la riduzione fino ad un massimo di 18 mesi dalla data di pensionamento dei tempi per considerare liquidato completamente e totalmente il TFS e il pagamento, in automatico e in accordo con le banche titolari della cessione del credito, di tutti gli interessi bancari del prestito a carico dell\u2019INPS ( iniziando per coloro che hanno gi\u00e0 in atto l\u2019anticipazione ordinaria del TFS).<\/p><p>\u00a0<\/p><p>Manlio Protano del Consiglio Nazionale del Sindacato Medici Italiani (SMI)<\/p><p><strong style=\"color: var( --e-global-color-text ); font-family: var( --e-global-typography-text-font-family ), Sans-serif; background-color: var(--wp--preset--color--background); font-size: var(--wp--preset--font-size--normal);\">Ufficio Stampa<\/strong><\/p>\t\t\t\t\t\t<\/div>\n\t\t\t\t<\/div>\n\t\t\t\t\t<\/div>\n\t\t<\/div>\n\t\t\t\t\t<\/div>\n\t\t<\/section>\n\t\t\t\t<\/div>\n\t\t","protected":false},"excerpt":{"rendered":"<p>Comunicato Stampa Lettera al Direttore di QS, sul ritardo con cui viene erogato il Trattamento [&hellip;]<\/p>\n","protected":false},"author":2,"featured_media":11196,"comment_status":"closed","ping_status":"open","sticky":false,"template":"elementor_canvas","format":"standard","meta":{"footnotes":""},"categories":[11,12],"tags":[33,31,59,131,109,139,38,57,71,138,130,73,54,72,53,75,44,102,47,56,63,107,68,69,62,39,132,70,137,55,37],"_links":{"self":[{"href":"https:\/\/sindacatomedicitaliani.it\/index.php\/wp-json\/wp\/v2\/posts\/11954"}],"collection":[{"href":"https:\/\/sindacatomedicitaliani.it\/index.php\/wp-json\/wp\/v2\/posts"}],"about":[{"href":"https:\/\/sindacatomedicitaliani.it\/index.php\/wp-json\/wp\/v2\/types\/post"}],"author":[{"embeddable":true,"href":"https:\/\/sindacatomedicitaliani.it\/index.php\/wp-json\/wp\/v2\/users\/2"}],"replies":[{"embeddable":true,"href":"https:\/\/sindacatomedicitaliani.it\/index.php\/wp-json\/wp\/v2\/comments?post=11954"}],"version-history":[{"count":4,"href":"https:\/\/sindacatomedicitaliani.it\/index.php\/wp-json\/wp\/v2\/posts\/11954\/revisions"}],"predecessor-version":[{"id":11958,"href":"https:\/\/sindacatomedicitaliani.it\/index.php\/wp-json\/wp\/v2\/posts\/11954\/revisions\/11958"}],"wp:featuredmedia":[{"embeddable":true,"href":"https:\/\/sindacatomedicitaliani.it\/index.php\/wp-json\/wp\/v2\/media\/11196"}],"wp:attachment":[{"href":"https:\/\/sindacatomedicitaliani.it\/index.php\/wp-json\/wp\/v2\/media?parent=11954"}],"wp:term":[{"taxonomy":"category","embeddable":true,"href":"https:\/\/sindacatomedicitaliani.it\/index.php\/wp-json\/wp\/v2\/categories?post=11954"},{"taxonomy":"post_tag","embeddable":true,"href":"https:\/\/sindacatomedicitaliani.it\/index.php\/wp-json\/wp\/v2\/tags?post=11954"}],"curies":[{"name":"wp","href":"https:\/\/api.w.org\/{rel}","templated":true}]}}