{"id":12066,"date":"2024-09-02T14:49:10","date_gmt":"2024-09-02T12:49:10","guid":{"rendered":"https:\/\/sindacatomedicitaliani.it\/?p=12066"},"modified":"2024-09-02T14:52:37","modified_gmt":"2024-09-02T12:52:37","slug":"comunicato-stampa-aggressione_cardarelli_smicampania","status":"publish","type":"post","link":"https:\/\/sindacatomedicitaliani.it\/index.php\/2024\/09\/02\/comunicato-stampa-aggressione_cardarelli_smicampania\/","title":{"rendered":"Comunicato Stampa &#8211; aggressione_cardarelli_smicampania"},"content":{"rendered":"\t\t<div data-elementor-type=\"wp-post\" data-elementor-id=\"12066\" class=\"elementor elementor-12066\">\n\t\t\t\t\t\t<section class=\"elementor-section elementor-top-section elementor-element elementor-element-548f498e elementor-section-boxed elementor-section-height-default elementor-section-height-default\" data-id=\"548f498e\" data-element_type=\"section\">\n\t\t\t\t\t\t<div class=\"elementor-container elementor-column-gap-default\">\n\t\t\t\t\t<div class=\"elementor-column elementor-col-100 elementor-top-column elementor-element elementor-element-46d278bd\" data-id=\"46d278bd\" data-element_type=\"column\">\n\t\t\t<div class=\"elementor-widget-wrap elementor-element-populated\">\n\t\t\t\t\t\t<div class=\"elementor-element elementor-element-4e65d51 elementor-widget elementor-widget-image\" data-id=\"4e65d51\" data-element_type=\"widget\" data-widget_type=\"image.default\">\n\t\t\t\t<div class=\"elementor-widget-container\">\n\t\t\t\t\t\t\t\t\t\t\t\t\t<img decoding=\"async\" width=\"300\" height=\"130\" src=\"https:\/\/sindacatomedicitaliani.it\/wp-content\/uploads\/2023\/12\/smiconfsalLOGO-300x130.png\" class=\"attachment-medium size-medium wp-image-11145\" alt=\"\" srcset=\"https:\/\/sindacatomedicitaliani.it\/wp-content\/uploads\/2023\/12\/smiconfsalLOGO-300x130.png 300w, https:\/\/sindacatomedicitaliani.it\/wp-content\/uploads\/2023\/12\/smiconfsalLOGO-1024x444.png 1024w, https:\/\/sindacatomedicitaliani.it\/wp-content\/uploads\/2023\/12\/smiconfsalLOGO-768x333.png 768w, https:\/\/sindacatomedicitaliani.it\/wp-content\/uploads\/2023\/12\/smiconfsalLOGO.png 1320w\" sizes=\"(max-width: 300px) 100vw, 300px\" \/>\t\t\t\t\t\t\t\t\t\t\t\t\t<\/div>\n\t\t\t\t<\/div>\n\t\t\t\t<div class=\"elementor-element elementor-element-7ba59fc elementor-widget elementor-widget-text-editor\" data-id=\"7ba59fc\" data-element_type=\"widget\" data-widget_type=\"text-editor.default\">\n\t\t\t\t<div class=\"elementor-widget-container\">\n\t\t\t\t\t\t\t<h6><strong>Aggressione a donna medico al Cardarelli: \u201cSi convochi un Tavolo con i Sindacati, le Regioni, il Ministro della Salute e il Ministro degli Interni\u201d<\/strong><\/h6><h6><strong>Dichiarazione di Giovanni Senese, Segretario Regionale Campania\u00a0<\/strong><strong>Sindacato Medici Italiani (SMI)<\/strong><\/h6>\t\t\t\t\t\t<\/div>\n\t\t\t\t<\/div>\n\t\t\t\t<div class=\"elementor-element elementor-element-34923582 elementor-widget elementor-widget-text-editor\" data-id=\"34923582\" data-element_type=\"widget\" data-widget_type=\"text-editor.default\">\n\t\t\t\t<div class=\"elementor-widget-container\">\n\t\t\t\t\t\t\t<p>Napoli, 2 sett. \u201cL\u2019ultimo episodio, di un\u2019infinita serie di aggressioni si \u00e8 consumato ieri ai danni di una collega medico in servizio presso il Pronto Soccorso dell\u2019ospedale Cardarelli di Napoli. Continuano senza sosta le violenze contro i medici, sempre pi\u00f9 donne in servizio nei Pronto Soccorso dove si averte di pi\u00f9 la fragilit\u00e0 del nostro Servizio Sanitario Nazionale a causa del sovraffollamento e della mancanza dei posti letto nei reparti\u201d, cos\u00ec di Giovanni Senese,\u00a0Segretario Regionale S.M.I. Campania. <br \/>\u201cLa sicurezza di chi esercita la professione medica e sanitaria \u00e8 diventata una questione nazionale, drammaticamente attuale e rappresentativa di una grave regressione sociale e culturale del nostro Paese. In questi ultimi giorni, in tutto il Paese e in Campania, vi \u00e8 una recrudescenza di episodi di aggressioni contro medici e sanitari. Le soluzioni che prospettano alcune dirigenze di Aziende Sanitarie Locali quali: la repressione, le denunce e le pene maggiorate, le telecamere, sicuramente potrebbero servire per questo fenomeno, ma resta il dubbio che non siano del tutto risolutive per arginare il malcontento, l\u2019insoddisfazione, la domanda di salute di chi arriva nei nostri ospedali e negli studi medici\u201d.<br \/>\u201cAbbiamo proposto il mese scorso, in modo provocatorio di richiedere \u201cil porto d\u2019armi\u201d innanzi ad una sequela senza fine di aggressioni per il personale sanitario e medico per mettere in evidenza questa drammatica emergenza.<br \/>Chiediamo, al Governo e alle Regioni di essere ascoltati. Si convochi un Tavolo con i sindacati dei medici, le Regioni, il Ministro delle Salute e il Ministro degli Interni per adottare proposte per accrescere le tutele dei medici, dei sanitari, per contrastare la violenza negli ospedali, nei presidi di Continuit\u00e0 Assistenziale e negli studi medici. Condanniamo duramente l\u2019episodio accaduto al Cardarelli ed esprimiamo piena solidariet\u00e0 alla collega aggredita\u201d.<\/p><p><strong>Ufficio Stampa<\/strong><\/p>\t\t\t\t\t\t<\/div>\n\t\t\t\t<\/div>\n\t\t\t\t\t<\/div>\n\t\t<\/div>\n\t\t\t\t\t<\/div>\n\t\t<\/section>\n\t\t\t\t<\/div>\n\t\t","protected":false},"excerpt":{"rendered":"<p>Aggressione a donna medico al Cardarelli: \u201cSi convochi un Tavolo con i Sindacati, le Regioni, [&hellip;]<\/p>\n","protected":false},"author":2,"featured_media":11977,"comment_status":"closed","ping_status":"open","sticky":false,"template":"elementor_canvas","format":"standard","meta":{"footnotes":""},"categories":[6,25,12],"tags":[33,31,59,131,109,139,38,57,71,138,130,73,54,72,53,75,44,102,47,56,63,107,68,69,62,39,132,70,137,55,37],"_links":{"self":[{"href":"https:\/\/sindacatomedicitaliani.it\/index.php\/wp-json\/wp\/v2\/posts\/12066"}],"collection":[{"href":"https:\/\/sindacatomedicitaliani.it\/index.php\/wp-json\/wp\/v2\/posts"}],"about":[{"href":"https:\/\/sindacatomedicitaliani.it\/index.php\/wp-json\/wp\/v2\/types\/post"}],"author":[{"embeddable":true,"href":"https:\/\/sindacatomedicitaliani.it\/index.php\/wp-json\/wp\/v2\/users\/2"}],"replies":[{"embeddable":true,"href":"https:\/\/sindacatomedicitaliani.it\/index.php\/wp-json\/wp\/v2\/comments?post=12066"}],"version-history":[{"count":4,"href":"https:\/\/sindacatomedicitaliani.it\/index.php\/wp-json\/wp\/v2\/posts\/12066\/revisions"}],"predecessor-version":[{"id":12070,"href":"https:\/\/sindacatomedicitaliani.it\/index.php\/wp-json\/wp\/v2\/posts\/12066\/revisions\/12070"}],"wp:featuredmedia":[{"embeddable":true,"href":"https:\/\/sindacatomedicitaliani.it\/index.php\/wp-json\/wp\/v2\/media\/11977"}],"wp:attachment":[{"href":"https:\/\/sindacatomedicitaliani.it\/index.php\/wp-json\/wp\/v2\/media?parent=12066"}],"wp:term":[{"taxonomy":"category","embeddable":true,"href":"https:\/\/sindacatomedicitaliani.it\/index.php\/wp-json\/wp\/v2\/categories?post=12066"},{"taxonomy":"post_tag","embeddable":true,"href":"https:\/\/sindacatomedicitaliani.it\/index.php\/wp-json\/wp\/v2\/tags?post=12066"}],"curies":[{"name":"wp","href":"https:\/\/api.w.org\/{rel}","templated":true}]}}