{"id":12731,"date":"2025-02-06T10:50:08","date_gmt":"2025-02-06T09:50:08","guid":{"rendered":"https:\/\/sindacatomedicitaliani.it\/?p=12731"},"modified":"2025-02-06T10:51:57","modified_gmt":"2025-02-06T09:51:57","slug":"comunicato-stampa-riflessioni_medicodifamiglia_assimefac","status":"publish","type":"post","link":"https:\/\/sindacatomedicitaliani.it\/index.php\/2025\/02\/06\/comunicato-stampa-riflessioni_medicodifamiglia_assimefac\/","title":{"rendered":"Comunicato Stampa &#8211; riflessioni_medicodifamiglia_assimefac"},"content":{"rendered":"\t\t<div data-elementor-type=\"wp-post\" data-elementor-id=\"12731\" class=\"elementor elementor-12731\">\n\t\t\t\t\t\t<section class=\"elementor-section elementor-top-section elementor-element elementor-element-d488ec6 elementor-section-boxed elementor-section-height-default elementor-section-height-default\" data-id=\"d488ec6\" data-element_type=\"section\">\n\t\t\t\t\t\t<div class=\"elementor-container elementor-column-gap-default\">\n\t\t\t\t\t<div class=\"elementor-column elementor-col-100 elementor-top-column elementor-element elementor-element-ea30be9\" data-id=\"ea30be9\" data-element_type=\"column\">\n\t\t\t<div class=\"elementor-widget-wrap\">\n\t\t\t\t\t\t\t<\/div>\n\t\t<\/div>\n\t\t\t\t\t<\/div>\n\t\t<\/section>\n\t\t\t\t<section class=\"elementor-section elementor-top-section elementor-element elementor-element-548f498e elementor-section-boxed elementor-section-height-default elementor-section-height-default\" data-id=\"548f498e\" data-element_type=\"section\">\n\t\t\t\t\t\t<div class=\"elementor-container elementor-column-gap-default\">\n\t\t\t\t\t<div class=\"elementor-column elementor-col-100 elementor-top-column elementor-element elementor-element-46d278bd\" data-id=\"46d278bd\" data-element_type=\"column\">\n\t\t\t<div class=\"elementor-widget-wrap elementor-element-populated\">\n\t\t\t\t\t\t<div class=\"elementor-element elementor-element-4e65d51 elementor-widget elementor-widget-image\" data-id=\"4e65d51\" data-element_type=\"widget\" data-widget_type=\"image.default\">\n\t\t\t\t<div class=\"elementor-widget-container\">\n\t\t\t\t\t\t\t\t\t\t\t\t\t<img decoding=\"async\" width=\"372\" height=\"112\" src=\"https:\/\/sindacatomedicitaliani.it\/wp-content\/uploads\/2025\/02\/Cattura.jpg\" class=\"attachment-medium_large size-medium_large wp-image-12704\" alt=\"\" srcset=\"https:\/\/sindacatomedicitaliani.it\/wp-content\/uploads\/2025\/02\/Cattura.jpg 372w, https:\/\/sindacatomedicitaliani.it\/wp-content\/uploads\/2025\/02\/Cattura-300x90.jpg 300w\" sizes=\"(max-width: 372px) 100vw, 372px\" \/>\t\t\t\t\t\t\t\t\t\t\t\t\t<\/div>\n\t\t\t\t<\/div>\n\t\t\t\t<div class=\"elementor-element elementor-element-7f2ad2a elementor-widget elementor-widget-text-editor\" data-id=\"7f2ad2a\" data-element_type=\"widget\" data-widget_type=\"text-editor.default\">\n\t\t\t\t<div class=\"elementor-widget-container\">\n\t\t\t\t\t\t\t<h6 style=\"font-variant-ligatures: normal; font-variant-caps: normal; font-style: normal;\"><strong style=\"font-size: 22px;\">Comunicato Stampa<\/strong><\/h6>\t\t\t\t\t\t<\/div>\n\t\t\t\t<\/div>\n\t\t\t\t<div class=\"elementor-element elementor-element-7ba59fc elementor-widget elementor-widget-text-editor\" data-id=\"7ba59fc\" data-element_type=\"widget\" data-widget_type=\"text-editor.default\">\n\t\t\t\t<div class=\"elementor-widget-container\">\n\t\t\t\t\t\t\t<h6><strong>\u201cRiflessioni sulla Medicina di Famiglia\u201d<\/strong><\/h6><h6><strong>Dichiarazione di Giovanni Battista D\u2019Errico, <br \/>Presidente del Comitato Tecnico Scientifico di ASSIMEFAC <br \/>(Associazione Societ\u00e0 Scientifica Interdisciplinare e di Medicina di Famiglia e Comunit\u00e0)<\/strong><\/h6>\t\t\t\t\t\t<\/div>\n\t\t\t\t<\/div>\n\t\t\t\t<div class=\"elementor-element elementor-element-34923582 elementor-widget elementor-widget-text-editor\" data-id=\"34923582\" data-element_type=\"widget\" data-widget_type=\"text-editor.default\">\n\t\t\t\t<div class=\"elementor-widget-container\">\n\t\t\t\t\t\t\t<p>Roma 6 feb.- La Medicina Generale, cos\u00ec com\u2019\u00e8 alla deriva, \u00e8 prossima al punto di non ritorno. Non solo molti giovani medici abbandonano, in itinere, il corso di formazione se si presenta loro la possibilit\u00e0 di accedere ad altra specializzazione, ma \u00e8 sempre pi\u00f9 importante il numero di borse non assegnate poich\u00e9, sempre meno colleghi si iscrivono corso di formazione specifica.<br \/>La medicina generale \u00e8 vista al fallimento da tutti coloro che vogliono riformarla: politici, sindacati, istituzioni varie e si badi, nella stragrande maggioranza di casi si tratta di soggetti che non hanno alcuna competenza e\/o contezza del lavoro del medico di medicina generale. <br \/>In ogni caso, qualunque sia il destino della Medicina Generale, se si vuole ridare dignit\u00e0 e qualit\u00e0 alla disciplina non si pu\u00f2 prescindere dalla Istituzione di una Scuola di Specializzazione Universitaria della Medicina Generale. Per oltre 15 anni sono stato docente nella facolt\u00e0 di Medicina e Chirurgia dell\u2019Universit\u00e0 di Foggia nonch\u00e9 docente e coordinatore del Corso di Formazione Specifica dove, insieme ad altri colleghi appassionati, ho cercato di elevarne il livello formativo. <br \/>Purtroppo, negli anni, ho constatato che, nonostante l\u2019impegno e i risultati ottenuti, non vi \u00e8 stato un riconoscimento da parte di chi gestisce la formazione. <br \/>Come spesso accade, gli interessi di pochi impediscono di fare il salto di qualit\u00e0, costringendo i medici in formazione ad essere considerati di serie B con un corso sottopagato e una professione ormai decaduta.<br \/>Sono trascorsi circa 20 anni da quando in un\u2019 articolo sottolineavo la necessit\u00e0 di istituire dipartimenti di Medicina Generale \/ Specializzazione, gi\u00e0 presenti in quasi tutti gli stati, purtroppo, dopo anni di battaglie ho dovuto constatare che impegno, e passione nulla, o poco, possono se si scontrano contro ottusit\u00e0 ed interessi di parte.<br \/>Per quanto gli articoli di questi giorni, che si susseguono incalzanti sui media, non siano veritieri sull\u2019impegno e la dedizione di gran parte dei medici di famiglia, dipinti come una classe di privilegiati fannulloni ed irresponsabili, le motivazioni che spingono una parte a non istituire una scuola di specializzazione e a non modificare l\u2019assetto lavorativo, sono chiare ed evidenti. Interessi di parte sono alla base della deriva della Medicina Generale. In questi anni ho dovuto constatare con mano il graduale degrado di questa splendida branca della medicina.<br \/>Mi auguro che i giovani colleghi, e non solo, prendano coscienza della responsabilit\u00e0 di alcune scelte politico sindacali che in questi anni hanno contribuito a rendere il lavoro pi\u00f9 bello, in un lavoro stressante e insoddisfacente.<br \/>\u00a0Spero che in futuro si possa scegliere la disciplina medicina di famiglia con orgoglio e passione con alla base una scuola in cui i docenti, coordinatori e direttori vengano scelti sulla base di curriculum, competenze e esperienze didattiche, e non all\u2019affiliazione ad una classe politico\/sindacale, come succede ora nella gran parte delle scuole d&#8217;Italia.<br \/>Sono anni che l&#8217;ASSIMEFAC come societ\u00e0 scientifica, si batte per una scuola di Specializzazione, per garantire alle nuove generazioni una formazione all&#8217;altezza del proprio ruolo e per dare dignit\u00e0 alla professione. Mi rivolgo ai giovani medici: fate le scelte giuste e riprendetevi il vostro futuro.<\/p><p><strong>Ufficio Stampa<\/strong><\/p>\t\t\t\t\t\t<\/div>\n\t\t\t\t<\/div>\n\t\t\t\t\t<\/div>\n\t\t<\/div>\n\t\t\t\t\t<\/div>\n\t\t<\/section>\n\t\t\t\t<\/div>\n\t\t","protected":false},"excerpt":{"rendered":"<p>Comunicato Stampa \u201cRiflessioni sulla Medicina di Famiglia\u201d Dichiarazione di Giovanni Battista D\u2019Errico, Presidente del Comitato [&hellip;]<\/p>\n","protected":false},"author":4,"featured_media":11196,"comment_status":"closed","ping_status":"open","sticky":false,"template":"elementor_canvas","format":"standard","meta":{"footnotes":""},"categories":[11,12],"tags":[33,31,59,131,109,139,38,57,71,138,130,73,54,72,53,75,44,102,47,56,63,107,68,69,62,39,132,70,137,55,37],"_links":{"self":[{"href":"https:\/\/sindacatomedicitaliani.it\/index.php\/wp-json\/wp\/v2\/posts\/12731"}],"collection":[{"href":"https:\/\/sindacatomedicitaliani.it\/index.php\/wp-json\/wp\/v2\/posts"}],"about":[{"href":"https:\/\/sindacatomedicitaliani.it\/index.php\/wp-json\/wp\/v2\/types\/post"}],"author":[{"embeddable":true,"href":"https:\/\/sindacatomedicitaliani.it\/index.php\/wp-json\/wp\/v2\/users\/4"}],"replies":[{"embeddable":true,"href":"https:\/\/sindacatomedicitaliani.it\/index.php\/wp-json\/wp\/v2\/comments?post=12731"}],"version-history":[{"count":4,"href":"https:\/\/sindacatomedicitaliani.it\/index.php\/wp-json\/wp\/v2\/posts\/12731\/revisions"}],"predecessor-version":[{"id":12735,"href":"https:\/\/sindacatomedicitaliani.it\/index.php\/wp-json\/wp\/v2\/posts\/12731\/revisions\/12735"}],"wp:featuredmedia":[{"embeddable":true,"href":"https:\/\/sindacatomedicitaliani.it\/index.php\/wp-json\/wp\/v2\/media\/11196"}],"wp:attachment":[{"href":"https:\/\/sindacatomedicitaliani.it\/index.php\/wp-json\/wp\/v2\/media?parent=12731"}],"wp:term":[{"taxonomy":"category","embeddable":true,"href":"https:\/\/sindacatomedicitaliani.it\/index.php\/wp-json\/wp\/v2\/categories?post=12731"},{"taxonomy":"post_tag","embeddable":true,"href":"https:\/\/sindacatomedicitaliani.it\/index.php\/wp-json\/wp\/v2\/tags?post=12731"}],"curies":[{"name":"wp","href":"https:\/\/api.w.org\/{rel}","templated":true}]}}