{"id":13146,"date":"2025-04-17T14:12:29","date_gmt":"2025-04-17T12:12:29","guid":{"rendered":"https:\/\/sindacatomedicitaliani.it\/?p=13146"},"modified":"2025-04-17T14:13:38","modified_gmt":"2025-04-17T12:13:38","slug":"comunicato-stampa-demedicalizzazione_118_smimolise","status":"publish","type":"post","link":"https:\/\/sindacatomedicitaliani.it\/index.php\/2025\/04\/17\/comunicato-stampa-demedicalizzazione_118_smimolise\/","title":{"rendered":"Comunicato Stampa &#8211; demedicalizzazione_118_smimolise"},"content":{"rendered":"\t\t<div data-elementor-type=\"wp-post\" data-elementor-id=\"13146\" class=\"elementor elementor-13146\">\n\t\t\t\t\t\t<section class=\"elementor-section elementor-top-section elementor-element elementor-element-548f498e elementor-section-boxed elementor-section-height-default elementor-section-height-default\" data-id=\"548f498e\" data-element_type=\"section\">\n\t\t\t\t\t\t<div class=\"elementor-container elementor-column-gap-default\">\n\t\t\t\t\t<div class=\"elementor-column elementor-col-100 elementor-top-column elementor-element elementor-element-46d278bd\" data-id=\"46d278bd\" data-element_type=\"column\">\n\t\t\t<div class=\"elementor-widget-wrap elementor-element-populated\">\n\t\t\t\t\t\t<div class=\"elementor-element elementor-element-4e65d51 elementor-widget elementor-widget-image\" data-id=\"4e65d51\" data-element_type=\"widget\" data-widget_type=\"image.default\">\n\t\t\t\t<div class=\"elementor-widget-container\">\n\t\t\t\t\t\t\t\t\t\t\t\t\t<img fetchpriority=\"high\" decoding=\"async\" width=\"768\" height=\"333\" src=\"https:\/\/sindacatomedicitaliani.it\/wp-content\/uploads\/2023\/12\/smiconfsalLOGO-768x333.png\" class=\"attachment-medium_large size-medium_large wp-image-11145\" alt=\"\" srcset=\"https:\/\/sindacatomedicitaliani.it\/wp-content\/uploads\/2023\/12\/smiconfsalLOGO-768x333.png 768w, https:\/\/sindacatomedicitaliani.it\/wp-content\/uploads\/2023\/12\/smiconfsalLOGO-300x130.png 300w, https:\/\/sindacatomedicitaliani.it\/wp-content\/uploads\/2023\/12\/smiconfsalLOGO-1024x444.png 1024w, https:\/\/sindacatomedicitaliani.it\/wp-content\/uploads\/2023\/12\/smiconfsalLOGO.png 1320w\" sizes=\"(max-width: 768px) 100vw, 768px\" \/>\t\t\t\t\t\t\t\t\t\t\t\t\t<\/div>\n\t\t\t\t<\/div>\n\t\t\t\t<div class=\"elementor-element elementor-element-7f2ad2a elementor-widget elementor-widget-text-editor\" data-id=\"7f2ad2a\" data-element_type=\"widget\" data-widget_type=\"text-editor.default\">\n\t\t\t\t<div class=\"elementor-widget-container\">\n\t\t\t\t\t\t\t<h6 style=\"font-variant-ligatures: normal; font-variant-caps: normal; font-style: normal;\"><strong style=\"font-size: 22px;\">Comunicato Stampa<\/strong><\/h6>\t\t\t\t\t\t<\/div>\n\t\t\t\t<\/div>\n\t\t\t\t<div class=\"elementor-element elementor-element-7ba59fc elementor-widget elementor-widget-text-editor\" data-id=\"7ba59fc\" data-element_type=\"widget\" data-widget_type=\"text-editor.default\">\n\t\t\t\t<div class=\"elementor-widget-container\">\n\t\t\t\t\t\t\t<h6><strong>Molise: demedicalizzazione delle postazioni 118<br \/><\/strong><strong>La Regione Molise non sa ci\u00f2 di cui parla!<\/strong><\/h6><h6><strong>Dichiarazione della segreteria del Sindacato Medici Italiani (SMI) Molise<\/strong><\/h6>\t\t\t\t\t\t<\/div>\n\t\t\t\t<\/div>\n\t\t\t\t<div class=\"elementor-element elementor-element-34923582 elementor-widget elementor-widget-text-editor\" data-id=\"34923582\" data-element_type=\"widget\" data-widget_type=\"text-editor.default\">\n\t\t\t\t<div class=\"elementor-widget-container\">\n\t\t\t\t\t\t\t<p>Campobasso, 17 apr.- Alla conferenza dei sindaci, svoltasi ieri presso la Regione Molise a Campobasso, il Direttore Generale Asrem Giovanni Di Santo, ha sostenuto che i medici del 118 percepirebbero uno stipendio di 15.000 euro al mese! Restiamo basiti perch\u00e9 i nostri stipendi sono appena un quinto di questa cifra! Allo stesso tempo abbiamo sentito che si valuterebbe di sanare la carenza dei medici 118 formando gli infermieri con un corso annuale senza rendersi conto che pur con infermieri &#8220;formati&#8221; il servizio d&#8217; emergenza diventerebbe un mero trasporto pazienti in ospedale visto che gli infermieri non hanno competenze mediche: non possono visitare, n\u00e9 formulare un\u2019ipotesi diagnostica e, di conseguenza, non possono praticare terapia.<br>Queste affermazioni evidenziano la mancata conoscenza del servizio d&#8217; emergenza.<br><span style=\"font-size: 17.6px;\">La mancanza dei medici del 118 non si pu\u00f2 giustificare, cos\u00ec come fa la Regione Molise e l&#8217; Asrem, con una carenza generale dei medici a livello nazionale; i cittadini, invece, vorrebbero anche sapere le vere ragioni del perch\u00e9 pochi medici abbiano risposto al bando di assunzione. Siamo convinti che alla base della diserzione al bando di assunzione ci sia la decennale attesa del bando stesso che ha determinato il disinteresse dei medici ormai prossimi alla pensione.<br><\/span><span style=\"font-size: 17.6px;\">Il 118 deve rimanere, invece, un servizio medico in quanto \u00e8 fondamentale per la popolazione, soprattutto per le aree distanti dai centri ospedalieri. I cittadini con il 118 possono contare su un medico presente 24\/24 ore sul territorio, rappresentando una garanzia anche per la popolazione anziana. Senza pi\u00f9 il 118 si aumenta, inoltre, il rischio di spopolamento d\u2019intere aree della regione perch\u00e9 gli anziani, per le cure, vengono trasferiti presso comuni pi\u00f9 grandi.<br><\/span><span style=\"font-size: 17.6px;\">In Molise, \u00e8 bene ricordarlo, vi sono per la medicina di urgenza anche le &#8220;postazioni India&#8221; che rappresentano un modello operativo del servizio di emergenza 118 in cui l&#8217;equipaggio dell&#8217;ambulanza \u00e8 composto da infermiere, autista e soccorritore, ma senza la presenza di un medico a bordo. La trasformazione di alcune postazioni in assetto India ha suscitato preoccupazioni tra i sindaci e le comunit\u00e0 locali, che temono un peggioramento della qualit\u00e0 del servizio di emergenza oltre ad incrementare notevolmente gli accessi al pronto soccorso gi\u00e0 in notevole sofferenza. In questo senso vorremmo sapere quanti siano stati gli accessi in pi\u00f9 per la medicina di emergenza -urgenza attraverso le postazioni India.<br><\/span><span style=\"font-size: 17.6px;\">La Regione Molise dovrebbe chiarire, una volta e per tutte, quanto \u00e8 stato risparmiato avendo pagato non 96 medici del 118 ma meno di 30 medici e nonostante questi risparmi la sanit\u00e0 molisana rimane in deficit.<br><\/span><span style=\"font-size: 17.6px;\">La nostra impressione \u00e8 che, in realt\u00e0, la Regione Molise abbia una scarsa conoscenza del sistema 118 e che non abbia voluto investire risorse per evitare, sia l\u2019esodo dei medici gi\u00e0 assunti ed invogliare i medici giovani a fare parte del 118.<\/span><\/p>\n<p><strong>Ufficio Stampa<\/strong><\/p>\t\t\t\t\t\t<\/div>\n\t\t\t\t<\/div>\n\t\t\t\t\t<\/div>\n\t\t<\/div>\n\t\t\t\t\t<\/div>\n\t\t<\/section>\n\t\t\t\t<\/div>\n\t\t","protected":false},"excerpt":{"rendered":"<p>Comunicato Stampa Molise: demedicalizzazione delle postazioni 118La Regione Molise non sa ci\u00f2 di cui parla! [&hellip;]<\/p>\n","protected":false},"author":4,"featured_media":11196,"comment_status":"closed","ping_status":"open","sticky":false,"template":"elementor_canvas","format":"standard","meta":{"footnotes":""},"categories":[11,12],"tags":[33,31,59,131,109,139,38,57,71,138,130,73,54,72,53,75,44,102,47,56,63,107,68,69,62,39,132,70,137,55,37],"_links":{"self":[{"href":"https:\/\/sindacatomedicitaliani.it\/index.php\/wp-json\/wp\/v2\/posts\/13146"}],"collection":[{"href":"https:\/\/sindacatomedicitaliani.it\/index.php\/wp-json\/wp\/v2\/posts"}],"about":[{"href":"https:\/\/sindacatomedicitaliani.it\/index.php\/wp-json\/wp\/v2\/types\/post"}],"author":[{"embeddable":true,"href":"https:\/\/sindacatomedicitaliani.it\/index.php\/wp-json\/wp\/v2\/users\/4"}],"replies":[{"embeddable":true,"href":"https:\/\/sindacatomedicitaliani.it\/index.php\/wp-json\/wp\/v2\/comments?post=13146"}],"version-history":[{"count":4,"href":"https:\/\/sindacatomedicitaliani.it\/index.php\/wp-json\/wp\/v2\/posts\/13146\/revisions"}],"predecessor-version":[{"id":13150,"href":"https:\/\/sindacatomedicitaliani.it\/index.php\/wp-json\/wp\/v2\/posts\/13146\/revisions\/13150"}],"wp:featuredmedia":[{"embeddable":true,"href":"https:\/\/sindacatomedicitaliani.it\/index.php\/wp-json\/wp\/v2\/media\/11196"}],"wp:attachment":[{"href":"https:\/\/sindacatomedicitaliani.it\/index.php\/wp-json\/wp\/v2\/media?parent=13146"}],"wp:term":[{"taxonomy":"category","embeddable":true,"href":"https:\/\/sindacatomedicitaliani.it\/index.php\/wp-json\/wp\/v2\/categories?post=13146"},{"taxonomy":"post_tag","embeddable":true,"href":"https:\/\/sindacatomedicitaliani.it\/index.php\/wp-json\/wp\/v2\/tags?post=13146"}],"curies":[{"name":"wp","href":"https:\/\/api.w.org\/{rel}","templated":true}]}}