{"id":13695,"date":"2025-10-27T14:37:25","date_gmt":"2025-10-27T13:37:25","guid":{"rendered":"https:\/\/sindacatomedicitaliani.it\/?p=13695"},"modified":"2025-10-27T14:40:33","modified_gmt":"2025-10-27T13:40:33","slug":"firmato-lo-stralcio-air-per-il-118-regione-abruzzo","status":"publish","type":"post","link":"https:\/\/sindacatomedicitaliani.it\/index.php\/2025\/10\/27\/firmato-lo-stralcio-air-per-il-118-regione-abruzzo\/","title":{"rendered":"firmato lo stralcio AIR per il 118 Regione Abruzzo"},"content":{"rendered":"\t\t<div data-elementor-type=\"wp-post\" data-elementor-id=\"13695\" class=\"elementor elementor-13695\">\n\t\t\t\t\t\t<section class=\"elementor-section elementor-top-section elementor-element elementor-element-288b31c elementor-section-boxed elementor-section-height-default elementor-section-height-default\" data-id=\"288b31c\" data-element_type=\"section\">\n\t\t\t\t\t\t<div class=\"elementor-container elementor-column-gap-default\">\n\t\t\t\t\t<div class=\"elementor-column elementor-col-100 elementor-top-column elementor-element elementor-element-b897820\" data-id=\"b897820\" data-element_type=\"column\">\n\t\t\t<div class=\"elementor-widget-wrap elementor-element-populated\">\n\t\t\t\t\t\t<div class=\"elementor-element elementor-element-0e88307 elementor-widget elementor-widget-image\" data-id=\"0e88307\" data-element_type=\"widget\" data-widget_type=\"image.default\">\n\t\t\t\t<div class=\"elementor-widget-container\">\n\t\t\t\t\t\t\t\t\t\t\t\t\t<img decoding=\"async\" width=\"300\" height=\"130\" src=\"https:\/\/sindacatomedicitaliani.it\/wp-content\/uploads\/2023\/12\/smiconfsalLOGO-300x130.png\" class=\"attachment-medium size-medium wp-image-11145\" alt=\"\" srcset=\"https:\/\/sindacatomedicitaliani.it\/wp-content\/uploads\/2023\/12\/smiconfsalLOGO-300x130.png 300w, https:\/\/sindacatomedicitaliani.it\/wp-content\/uploads\/2023\/12\/smiconfsalLOGO-1024x444.png 1024w, https:\/\/sindacatomedicitaliani.it\/wp-content\/uploads\/2023\/12\/smiconfsalLOGO-768x333.png 768w, https:\/\/sindacatomedicitaliani.it\/wp-content\/uploads\/2023\/12\/smiconfsalLOGO.png 1320w\" sizes=\"(max-width: 300px) 100vw, 300px\" \/>\t\t\t\t\t\t\t\t\t\t\t\t\t<\/div>\n\t\t\t\t<\/div>\n\t\t\t\t<div class=\"elementor-element elementor-element-859e9de elementor-widget elementor-widget-text-editor\" data-id=\"859e9de\" data-element_type=\"widget\" data-widget_type=\"text-editor.default\">\n\t\t\t\t<div class=\"elementor-widget-container\">\n\t\t\t\t\t\t\t<h5>Firmato lo stralcio AIR per il 118 Regione Abruzzo<\/h5>\t\t\t\t\t\t<\/div>\n\t\t\t\t<\/div>\n\t\t\t\t\t<\/div>\n\t\t<\/div>\n\t\t\t\t\t<\/div>\n\t\t<\/section>\n\t\t\t\t<section class=\"elementor-section elementor-top-section elementor-element elementor-element-7bda8e4 elementor-section-boxed elementor-section-height-default elementor-section-height-default\" data-id=\"7bda8e4\" data-element_type=\"section\">\n\t\t\t\t\t\t<div class=\"elementor-container elementor-column-gap-default\">\n\t\t\t\t\t<div class=\"elementor-column elementor-col-100 elementor-top-column elementor-element elementor-element-353c60c\" data-id=\"353c60c\" data-element_type=\"column\">\n\t\t\t<div class=\"elementor-widget-wrap elementor-element-populated\">\n\t\t\t\t\t\t<div class=\"elementor-element elementor-element-d7f5bb3 elementor-widget elementor-widget-text-editor\" data-id=\"d7f5bb3\" data-element_type=\"widget\" data-widget_type=\"text-editor.default\">\n\t\t\t\t<div class=\"elementor-widget-container\">\n\t\t\t\t\t\t\t<p style=\"text-align: left;\">Gentilissimi colleghi dell&#8217;emergenza sanitaria,\u00a0<\/p><p style=\"text-align: left;\"><span style=\"text-align: center; font-size: 17.6px;\">Dopo 10 mesi di duro lavoro, il 15 ottobre \u00e8 stato firmato lo stralcio AIR per il 118 Regione Abruzzo.<\/span><\/p><p style=\"text-align: left;\">Nonostante le parole &#8220;isorisorse&#8221; e &#8220;iporisorse&#8221; rieccheggino spesso all interno dei corridoi della Regione siamo riusciti a portare a casa un *buon* *AIR* .<\/p><p style=\"text-align: left;\">La sensibilit\u00e0 dell&#8217; Assessore NicolettaVer\u00ed e del Presidente Regionale Marco Marsilio hanno reso possibile il superamento dei numerosi ostacoli burocratici che si sono appalesati in questo anno.<\/p><p style=\"text-align: left;\">Le competenze tecniche messe a disposizione dalla Dottoressa Pina Onotri e dal Dott. Silvio Basile nei numerosi\u00a0 incontri intercorsi hanno arricchito la Segreteria Regionale Smi ed il laborioso e fattivo apporto assicurato dalla segreteria regionale S.M.I., in particolare della d.ssa Roberta Costanza Fidanza \u00e9 stato in grado di poter tenere il punto fermo allorquando tutto sembrava arenarsi fino a tempo indefinito.<\/p><p style=\"text-align: left;\">\u00c8 sicuramente il miglior AIR ottenibile in questo momento storico. Vede rispettate la dignit\u00e0 professionale dei medici che sono sempre in prima linea, e le difficolt\u00e0 economiche che si trovano a dover fronteggiare i Dirigenti amministrativi della nostra amata Regione.<\/p><p style=\"text-align: left;\">Per onest\u00e0 intellettuale aggiungo anche che nessun risultato sarebbe stato ottenibile senza la compattezza di tutte le sigle sindacali: FIMMG, SNAMI, FMT e Cisl Medici.<\/p><p style=\"text-align: left;\">SMI si \u00e8 fatta portavoce delle difficolt\u00e0 ravvedute dai medici EST, ma \u00e8 solo con l&#8217;avallo di tutti che si \u00e8 potuto raggiungere questo risultato.<\/p><p style=\"text-align: left;\">Seguiranno nei prossimi giorni maggiori dettagli riguardo le modalit\u00e0 contrattuali.<\/p><p style=\"text-align: left;\">Ad maiora<\/p><p style=\"text-align: left;\">Pierluigi Luongo<br \/>Silvio Basile<br \/>D.ssa Roberta Costanza Fidanza<br \/>Daniele Croce<\/p>\t\t\t\t\t\t<\/div>\n\t\t\t\t<\/div>\n\t\t\t\t\t<\/div>\n\t\t<\/div>\n\t\t\t\t\t<\/div>\n\t\t<\/section>\n\t\t\t\t<section class=\"elementor-section elementor-top-section elementor-element elementor-element-4db3131 elementor-section-boxed elementor-section-height-default elementor-section-height-default\" data-id=\"4db3131\" data-element_type=\"section\">\n\t\t\t\t\t\t<div class=\"elementor-container elementor-column-gap-default\">\n\t\t\t\t\t<div class=\"elementor-column elementor-col-100 elementor-top-column elementor-element elementor-element-ce558ba\" data-id=\"ce558ba\" data-element_type=\"column\">\n\t\t\t<div class=\"elementor-widget-wrap elementor-element-populated\">\n\t\t\t\t\t\t<div class=\"elementor-element elementor-element-2e26215 elementor-widget elementor-widget-text-editor\" data-id=\"2e26215\" data-element_type=\"widget\" data-widget_type=\"text-editor.default\">\n\t\t\t\t<div class=\"elementor-widget-container\">\n\t\t\t\t\t\t\t<p>segreterianazionale@sindacatomedicitaliani.it<\/p>\t\t\t\t\t\t<\/div>\n\t\t\t\t<\/div>\n\t\t\t\t\t<\/div>\n\t\t<\/div>\n\t\t\t\t\t<\/div>\n\t\t<\/section>\n\t\t\t\t<\/div>\n\t\t","protected":false},"excerpt":{"rendered":"<p>Firmato lo stralcio AIR per il 118 Regione Abruzzo Gentilissimi colleghi dell&#8217;emergenza sanitaria,\u00a0 Dopo 10 [&hellip;]<\/p>\n","protected":false},"author":4,"featured_media":13655,"comment_status":"closed","ping_status":"open","sticky":false,"template":"elementor_canvas","format":"standard","meta":{"footnotes":""},"categories":[25,5],"tags":[38,36,65,67,64,39,66,37],"_links":{"self":[{"href":"https:\/\/sindacatomedicitaliani.it\/index.php\/wp-json\/wp\/v2\/posts\/13695"}],"collection":[{"href":"https:\/\/sindacatomedicitaliani.it\/index.php\/wp-json\/wp\/v2\/posts"}],"about":[{"href":"https:\/\/sindacatomedicitaliani.it\/index.php\/wp-json\/wp\/v2\/types\/post"}],"author":[{"embeddable":true,"href":"https:\/\/sindacatomedicitaliani.it\/index.php\/wp-json\/wp\/v2\/users\/4"}],"replies":[{"embeddable":true,"href":"https:\/\/sindacatomedicitaliani.it\/index.php\/wp-json\/wp\/v2\/comments?post=13695"}],"version-history":[{"count":4,"href":"https:\/\/sindacatomedicitaliani.it\/index.php\/wp-json\/wp\/v2\/posts\/13695\/revisions"}],"predecessor-version":[{"id":13699,"href":"https:\/\/sindacatomedicitaliani.it\/index.php\/wp-json\/wp\/v2\/posts\/13695\/revisions\/13699"}],"wp:featuredmedia":[{"embeddable":true,"href":"https:\/\/sindacatomedicitaliani.it\/index.php\/wp-json\/wp\/v2\/media\/13655"}],"wp:attachment":[{"href":"https:\/\/sindacatomedicitaliani.it\/index.php\/wp-json\/wp\/v2\/media?parent=13695"}],"wp:term":[{"taxonomy":"category","embeddable":true,"href":"https:\/\/sindacatomedicitaliani.it\/index.php\/wp-json\/wp\/v2\/categories?post=13695"},{"taxonomy":"post_tag","embeddable":true,"href":"https:\/\/sindacatomedicitaliani.it\/index.php\/wp-json\/wp\/v2\/tags?post=13695"}],"curies":[{"name":"wp","href":"https:\/\/api.w.org\/{rel}","templated":true}]}}