{"id":14636,"date":"2026-04-29T07:54:04","date_gmt":"2026-04-29T05:54:04","guid":{"rendered":"https:\/\/sindacatomedicitaliani.it\/?p=14636"},"modified":"2026-04-29T07:54:48","modified_gmt":"2026-04-29T05:54:48","slug":"comunicato-stampa-bozza_riforma_mmg_onotri","status":"publish","type":"post","link":"https:\/\/sindacatomedicitaliani.it\/index.php\/2026\/04\/29\/comunicato-stampa-bozza_riforma_mmg_onotri\/","title":{"rendered":"Comunicato Stampa &#8211; bozza_riforma_mmg_onotri"},"content":{"rendered":"\t\t<div data-elementor-type=\"wp-post\" data-elementor-id=\"14636\" class=\"elementor elementor-14636\">\n\t\t\t\t\t\t<section class=\"elementor-section elementor-top-section elementor-element elementor-element-548f498e elementor-section-boxed elementor-section-height-default elementor-section-height-default\" data-id=\"548f498e\" data-element_type=\"section\">\n\t\t\t\t\t\t<div class=\"elementor-container elementor-column-gap-default\">\n\t\t\t\t\t<div class=\"elementor-column elementor-col-100 elementor-top-column elementor-element elementor-element-46d278bd\" data-id=\"46d278bd\" data-element_type=\"column\">\n\t\t\t<div class=\"elementor-widget-wrap elementor-element-populated\">\n\t\t\t\t\t\t<div class=\"elementor-element elementor-element-4e65d51 elementor-widget elementor-widget-image\" data-id=\"4e65d51\" data-element_type=\"widget\" data-widget_type=\"image.default\">\n\t\t\t\t<div class=\"elementor-widget-container\">\n\t\t\t\t\t\t\t\t\t\t\t\t\t<img fetchpriority=\"high\" decoding=\"async\" width=\"768\" height=\"333\" src=\"https:\/\/sindacatomedicitaliani.it\/wp-content\/uploads\/2023\/12\/smiconfsalLOGO-768x333.png\" class=\"attachment-medium_large size-medium_large wp-image-11145\" alt=\"\" srcset=\"https:\/\/sindacatomedicitaliani.it\/wp-content\/uploads\/2023\/12\/smiconfsalLOGO-768x333.png 768w, https:\/\/sindacatomedicitaliani.it\/wp-content\/uploads\/2023\/12\/smiconfsalLOGO-300x130.png 300w, https:\/\/sindacatomedicitaliani.it\/wp-content\/uploads\/2023\/12\/smiconfsalLOGO-1024x444.png 1024w, https:\/\/sindacatomedicitaliani.it\/wp-content\/uploads\/2023\/12\/smiconfsalLOGO.png 1320w\" sizes=\"(max-width: 768px) 100vw, 768px\" \/>\t\t\t\t\t\t\t\t\t\t\t\t\t<\/div>\n\t\t\t\t<\/div>\n\t\t\t\t<div class=\"elementor-element elementor-element-7f2ad2a elementor-widget elementor-widget-text-editor\" data-id=\"7f2ad2a\" data-element_type=\"widget\" data-widget_type=\"text-editor.default\">\n\t\t\t\t<div class=\"elementor-widget-container\">\n\t\t\t\t\t\t\t<h6 style=\"font-variant-ligatures: normal; font-variant-caps: normal; font-style: normal;\"><strong style=\"font-size: 22px;\">Comunicato Stampa<\/strong><\/h6>\t\t\t\t\t\t<\/div>\n\t\t\t\t<\/div>\n\t\t\t\t<div class=\"elementor-element elementor-element-7ba59fc elementor-widget elementor-widget-text-editor\" data-id=\"7ba59fc\" data-element_type=\"widget\" data-widget_type=\"text-editor.default\">\n\t\t\t\t<div class=\"elementor-widget-container\">\n\t\t\t\t\t\t\t<h6><strong>Bozza di riforma della medicina generale:<br \/><\/strong><strong>L\u2019organizzazione\u00a0 del lavoro si decide\u00a0<\/strong><strong>con la contrattazione e non con decreto legge.<br \/><\/strong><strong>No alla dipendenza per pochi e allo sfruttamento dei molti!<\/strong><\/h6><h6>\u00a0<strong>Dichiarazione di\u00a0<\/strong><strong>Pina Onotri,\u00a0<\/strong><strong>Segretario Generale<br \/><\/strong><strong>Sindacato Medici Italiani (SMI)<\/strong><\/h6>\t\t\t\t\t\t<\/div>\n\t\t\t\t<\/div>\n\t\t\t\t<div class=\"elementor-element elementor-element-34923582 elementor-widget__width-initial elementor-widget elementor-widget-text-editor\" data-id=\"34923582\" data-element_type=\"widget\" data-widget_type=\"text-editor.default\">\n\t\t\t\t<div class=\"elementor-widget-container\">\n\t\t\t\t\t\t\t<p>Roma, 28 apr.- La bozza di testo governativo comprensivo del decreto-legge per il riordino dell\u2019assistenza primaria, anticipata oggi da alcuni giornali mantiene tutte le criticit\u00e0 che avevamo gi\u00e0 evidenziato, cos\u00ec Pina Onotri Segretario Generale dello SMI.<br \/>Si parla di dipendenza ma di fatto, allo stato, essa pu\u00f2 essere garantita solo ai medici specializzati in cure primarie e medicina delle comunit\u00e0 oppure medici di medicina generale in possesso di una specializzazione dell\u2019area internista. Ci chiediamo, a questo punto, quale sia il valore didattico del corso di formazione di medicina generale? Da anni chiediamo la trasformazione del corso di formazione in medicina generale in specializzazione, come in altri paesi d\u2019 Europa. Il testo recepisce tale necessita non pi\u00f9 rinviabile, ma rimanda sine die l\u2019equipollenza della stessa con titolo di formazione in medicina generale lasciando nell\u2019incertezza tanti medici formati che gi\u00e0 lavorano da tempo sul territorio e allo stesso tempo si rischia di svuotare i corsi di formazione attualmente in svolgimento. Ci sembra chiaro che se i giovani non capiscono tutti gli aspetti legati alla loro formazione avranno maggiori difficolt\u00e0 nell\u2019intraprende la professione di medico di famiglia.<br \/>Se, invece, si vuole fare un decreto qualunque per evitare di restituire all\u2019 Europa i fondi del PNRR per la mancata operativit\u00e0 delle Case di Comunit\u00e0, e non per colpa dei medici, questa, \u00e8 una altra questione, ma non possiamo tacere di fronte all\u2019improvvisazione.<br \/>Il doppio canale annunciato sar\u00e0 solo per pochi. Il decreto, inoltre, fa sua interamente la proposta di legge Benigni costringendo tutti i medici di medicina generale convenzionati sul territorio a passare a ruolo unico, avocando a s\u00e9 una materia che \u00e8 squisitamente contrattuale e che dovrebbe essere discussa ai tavoli di concertazione e non imposta per legge.<br \/>Ribadiamo che i medici non possono lavorare nei loro studi e assolvere il debito orario nelle Case di Comunit\u00e0 senza essere assunti come dipendenti o specialisti ambulatoriali<\/p><p>Ne \u00e8 accettabile che vengano pagati per obbiettivi. Il nostro obbiettivo lo conseguiamo ogni giorno cercando di tutelare la salute dei nostri pazienti.<br \/>Se si pensa in questo modo di fare piazza pulita della medicina generale si avesse il coraggio di annunciarlo all\u2019opinione pubblica.<\/p><p><strong>Ufficio Stampa<\/strong><\/p>\t\t\t\t\t\t<\/div>\n\t\t\t\t<\/div>\n\t\t\t\t\t<\/div>\n\t\t<\/div>\n\t\t\t\t\t<\/div>\n\t\t<\/section>\n\t\t\t\t<\/div>\n\t\t","protected":false},"excerpt":{"rendered":"<p>Comunicato Stampa Bozza di riforma della medicina generale:L\u2019organizzazione\u00a0 del lavoro si decide\u00a0con la contrattazione e [&hellip;]<\/p>\n","protected":false},"author":4,"featured_media":11196,"comment_status":"closed","ping_status":"open","sticky":false,"template":"elementor_canvas","format":"standard","meta":{"footnotes":""},"categories":[11,12],"tags":[33,31,59,131,109,139,38,57,71,138,130,73,54,72,53,75,44,102,47,56,63,107,68,69,62,39,132,70,137,55,37],"_links":{"self":[{"href":"https:\/\/sindacatomedicitaliani.it\/index.php\/wp-json\/wp\/v2\/posts\/14636"}],"collection":[{"href":"https:\/\/sindacatomedicitaliani.it\/index.php\/wp-json\/wp\/v2\/posts"}],"about":[{"href":"https:\/\/sindacatomedicitaliani.it\/index.php\/wp-json\/wp\/v2\/types\/post"}],"author":[{"embeddable":true,"href":"https:\/\/sindacatomedicitaliani.it\/index.php\/wp-json\/wp\/v2\/users\/4"}],"replies":[{"embeddable":true,"href":"https:\/\/sindacatomedicitaliani.it\/index.php\/wp-json\/wp\/v2\/comments?post=14636"}],"version-history":[{"count":4,"href":"https:\/\/sindacatomedicitaliani.it\/index.php\/wp-json\/wp\/v2\/posts\/14636\/revisions"}],"predecessor-version":[{"id":14640,"href":"https:\/\/sindacatomedicitaliani.it\/index.php\/wp-json\/wp\/v2\/posts\/14636\/revisions\/14640"}],"wp:featuredmedia":[{"embeddable":true,"href":"https:\/\/sindacatomedicitaliani.it\/index.php\/wp-json\/wp\/v2\/media\/11196"}],"wp:attachment":[{"href":"https:\/\/sindacatomedicitaliani.it\/index.php\/wp-json\/wp\/v2\/media?parent=14636"}],"wp:term":[{"taxonomy":"category","embeddable":true,"href":"https:\/\/sindacatomedicitaliani.it\/index.php\/wp-json\/wp\/v2\/categories?post=14636"},{"taxonomy":"post_tag","embeddable":true,"href":"https:\/\/sindacatomedicitaliani.it\/index.php\/wp-json\/wp\/v2\/tags?post=14636"}],"curies":[{"name":"wp","href":"https:\/\/api.w.org\/{rel}","templated":true}]}}