{"id":1481,"date":"2019-04-04T16:34:33","date_gmt":"2019-04-04T14:34:33","guid":{"rendered":"http:\/\/sindacatomedicitaliani.it\/?p=1481"},"modified":"2019-05-09T20:35:35","modified_gmt":"2019-05-09T18:35:35","slug":"comunicato-stampa-non-abbassare-qualita-04-aprile-2019","status":"publish","type":"post","link":"https:\/\/sindacatomedicitaliani.it\/index.php\/2019\/04\/04\/comunicato-stampa-non-abbassare-qualita-04-aprile-2019\/","title":{"rendered":"Comunicato Stampa &#8211; Medici Specialisti: &#8220;Non Abbassare la Qualit\u00e0 dell&#8217;Assistenza con l&#8217;Utilizzo di Medici in Pensione o Provenienti da altri Paesi&#8221;."},"content":{"rendered":"\t\t<div data-elementor-type=\"wp-post\" data-elementor-id=\"1481\" class=\"elementor elementor-1481\">\n\t\t\t\t\t\t<section class=\"elementor-section elementor-top-section elementor-element elementor-element-548f498e elementor-section-boxed elementor-section-height-default elementor-section-height-default\" data-id=\"548f498e\" data-element_type=\"section\">\n\t\t\t\t\t\t<div class=\"elementor-container elementor-column-gap-default\">\n\t\t\t\t\t<div class=\"elementor-column elementor-col-100 elementor-top-column elementor-element elementor-element-46d278bd\" data-id=\"46d278bd\" data-element_type=\"column\">\n\t\t\t<div class=\"elementor-widget-wrap elementor-element-populated\">\n\t\t\t\t\t\t<div class=\"elementor-element elementor-element-7f2ad2a elementor-widget elementor-widget-text-editor\" data-id=\"7f2ad2a\" data-element_type=\"widget\" data-widget_type=\"text-editor.default\">\n\t\t\t\t<div class=\"elementor-widget-container\">\n\t\t\t\t\t\t\t<h5><strong>Comunicato Stampa:<br \/><\/strong><\/h5>\t\t\t\t\t\t<\/div>\n\t\t\t\t<\/div>\n\t\t\t\t<div class=\"elementor-element elementor-element-7ba59fc elementor-widget elementor-widget-text-editor\" data-id=\"7ba59fc\" data-element_type=\"widget\" data-widget_type=\"text-editor.default\">\n\t\t\t\t<div class=\"elementor-widget-container\">\n\t\t\t\t\t\t\t<h6><strong>&#8220;Non Abbassiamo la Qualit\u00e0 dell&#8217;Assistenza con l&#8217;Utilizzo di Medici Pensionati o Provenienti da Altri Paesi &#8220;<br \/><\/strong><strong style=\"font-family: 'Open Sans', sans-serif; font-size: 22px;\"><br \/>Dichiarazione di: Pina Onotri<br \/><\/strong><strong style=\"font-family: 'Open Sans', sans-serif; font-size: 22px;\">Segretario Generale SMI<\/strong><\/h6>\t\t\t\t\t\t<\/div>\n\t\t\t\t<\/div>\n\t\t\t\t<div class=\"elementor-element elementor-element-34923582 elementor-widget elementor-widget-text-editor\" data-id=\"34923582\" data-element_type=\"widget\" data-widget_type=\"text-editor.default\">\n\t\t\t\t<div class=\"elementor-widget-container\">\n\t\t\t\t\t\t\t<p><!-- wp:paragraph --><\/p>\n<p>Roma &#8211; 04 Aprile 2019<\/p>\n<p>&#8220;In Italia ci sono ospedali che non riescono a trovare medici per coprire alcuni settori, soprattutto pronto soccorso e chirurgie. Sono anni che le organizzazioni sindacali e le rappresentanze istituzionali della professione lanciano l\u2019allarme&#8221; ha dichiarato Pina Onotri, segretario Generale dello SMI (Sindacato Medici Italiani).<\/p>\n<p>&#8220;\u00c8 paradossale che, mentre ci sono centinaia di medici laureati, sottooccupati o inoccupati perch\u00e9 rimasti intrappolati nell\u2019imbuto formativo, c\u2019\u00e8 di parla di importare medici dall\u2019estero o, peggio, di richiamare, dopo aver approvato quota 100, i medici dalla pensione&#8221; continua Onotri.<\/p>\n<p>&#8220;La causa della carenza di specialisti, si pu\u00f2 riassumere in un\u2019errata\u00a0\u00a0 programmazione (ci sono alcune specialistiche con troppi posti, alcune con troppo pochi), in un\u2019emigrazione forzata di migliaia di giovani medici verso Regno Unito, Germania, Francia, Svizzera, fenomeno iniziato da pi\u00f9 di dieci anni; in un massiccio esodo di medici dal settore pubblico al settore privato&#8221;.<\/p>\n<p>&#8220;I medici scappano dal pubblico perch\u00e9 in Italia vengono pagati troppo poco: lo stipendio \u00e8 fermo da 10 anni, e i 10.000 medici ospedalieri, a causa della carenza di personale, sono costretti ogni anno a fare 15 milioni di ore di straordinario non retribuiti. Ieri l\u2019ennesima fumata nera al tavolo di contrattazione della dirigenza medica, per il recupero della Ria, perch\u00e9 mancava il MEF.<\/p>\n<p>La scelta miope, inoltre, di questi ultimi anni,\u00a0\u00e8 stata di appaltare al privato, la diagnostica e le visite ambulatoriali (prestazioni a bassa difficolt\u00e0 ed elevato guadagno) e riservare \u00a0\u00a0al settore pubblico le attivit\u00e0 pi\u00f9 costose e rischiose\u00a0come l&#8217;emergenza e l&#8217;alta intensit\u00e0. A questa condizione si \u00e8 arrivati perch\u00e9 la classe politica del nostro paese disinveste da 20 anni nella sanit\u00e0 pubblica.\u00a0 Si ha la sensazione che lavorare nel pubblico significa non avere un futuro professionale&gt; aggiunge Onotri.<\/p>\n<p>Il governo deve adottare misure affinch\u00e9 i medici rientrino in Italia e nel sistema pubblico, premiando il merito. Si deve rendere pi\u00f9 efficiente la programmazione, aumentando i posti e la qualit\u00e0 formativa per le specializzazioni carenti e garantendo l\u2019accesso ai giovani laureati.<\/p>\n<p>Le soluzioni che vengono proposte oggi, di sostituire medici con altri non ancora specialisti, o gi\u00e0 in pensione o provenienti da altri paesi, non faranno che abbassare la qualit\u00e0 dell&#8217;assistenza. Tuteliamo, invece, i giovani professionisti, valorizzando meriti e competenze e cercando di stabilizzare i medici precari che, da anni, garantiscono i servizi essenziali &#8220;, conclude Onotri.<\/p>\n<p><b><br \/>L\u2019Ufficio Stampa SMI &#8211;\u00a0<\/b>Per info:\u00a0ufficiostampa@sindacatomedicitaliani.it<\/p>\n<p><!-- \/wp:paragraph --><\/p>\t\t\t\t\t\t<\/div>\n\t\t\t\t<\/div>\n\t\t\t\t\t<\/div>\n\t\t<\/div>\n\t\t\t\t\t<\/div>\n\t\t<\/section>\n\t\t\t\t<\/div>\n\t\t","protected":false},"excerpt":{"rendered":"<p>Comunicato Stampa: &#8220;Non Abbassiamo la Qualit\u00e0 dell&#8217;Assistenza con l&#8217;Utilizzo di Medici Pensionati o Provenienti da [&hellip;]<\/p>\n","protected":false},"author":2,"featured_media":643,"comment_status":"closed","ping_status":"open","sticky":false,"template":"","format":"standard","meta":{"footnotes":""},"categories":[25,11],"tags":[33,31],"_links":{"self":[{"href":"https:\/\/sindacatomedicitaliani.it\/index.php\/wp-json\/wp\/v2\/posts\/1481"}],"collection":[{"href":"https:\/\/sindacatomedicitaliani.it\/index.php\/wp-json\/wp\/v2\/posts"}],"about":[{"href":"https:\/\/sindacatomedicitaliani.it\/index.php\/wp-json\/wp\/v2\/types\/post"}],"author":[{"embeddable":true,"href":"https:\/\/sindacatomedicitaliani.it\/index.php\/wp-json\/wp\/v2\/users\/2"}],"replies":[{"embeddable":true,"href":"https:\/\/sindacatomedicitaliani.it\/index.php\/wp-json\/wp\/v2\/comments?post=1481"}],"version-history":[{"count":3,"href":"https:\/\/sindacatomedicitaliani.it\/index.php\/wp-json\/wp\/v2\/posts\/1481\/revisions"}],"predecessor-version":[{"id":1601,"href":"https:\/\/sindacatomedicitaliani.it\/index.php\/wp-json\/wp\/v2\/posts\/1481\/revisions\/1601"}],"wp:featuredmedia":[{"embeddable":true,"href":"https:\/\/sindacatomedicitaliani.it\/index.php\/wp-json\/wp\/v2\/media\/643"}],"wp:attachment":[{"href":"https:\/\/sindacatomedicitaliani.it\/index.php\/wp-json\/wp\/v2\/media?parent=1481"}],"wp:term":[{"taxonomy":"category","embeddable":true,"href":"https:\/\/sindacatomedicitaliani.it\/index.php\/wp-json\/wp\/v2\/categories?post=1481"},{"taxonomy":"post_tag","embeddable":true,"href":"https:\/\/sindacatomedicitaliani.it\/index.php\/wp-json\/wp\/v2\/tags?post=1481"}],"curies":[{"name":"wp","href":"https:\/\/api.w.org\/{rel}","templated":true}]}}