{"id":15069,"date":"2026-09-04T12:35:36","date_gmt":"2026-09-04T10:35:36","guid":{"rendered":"https:\/\/sindacatomedicitaliani.it\/?p=15069"},"modified":"2026-09-04T12:37:03","modified_gmt":"2026-09-04T10:37:03","slug":"comunicato-stampa-onotri-sciopero-15-16-settembre","status":"publish","type":"post","link":"https:\/\/sindacatomedicitaliani.it\/index.php\/2026\/09\/04\/comunicato-stampa-onotri-sciopero-15-16-settembre\/","title":{"rendered":"Comunicato Stampa &#8211; onotri-sciopero-15-16-settembre"},"content":{"rendered":"\t\t<div data-elementor-type=\"wp-post\" data-elementor-id=\"15069\" class=\"elementor elementor-15069\">\n\t\t\t\t\t\t<section class=\"elementor-section elementor-top-section elementor-element elementor-element-548f498e elementor-section-boxed elementor-section-height-default elementor-section-height-default\" data-id=\"548f498e\" data-element_type=\"section\">\n\t\t\t\t\t\t<div class=\"elementor-container elementor-column-gap-default\">\n\t\t\t\t\t<div class=\"elementor-column elementor-col-100 elementor-top-column elementor-element elementor-element-46d278bd\" data-id=\"46d278bd\" data-element_type=\"column\">\n\t\t\t<div class=\"elementor-widget-wrap elementor-element-populated\">\n\t\t\t\t\t\t<div class=\"elementor-element elementor-element-4e65d51 elementor-widget elementor-widget-image\" data-id=\"4e65d51\" data-element_type=\"widget\" data-widget_type=\"image.default\">\n\t\t\t\t<div class=\"elementor-widget-container\">\n\t\t\t\t\t\t\t\t\t\t\t\t\t<img decoding=\"async\" width=\"300\" height=\"130\" src=\"https:\/\/sindacatomedicitaliani.it\/wp-content\/uploads\/2023\/12\/smiconfsalLOGO-300x130.png\" class=\"attachment-medium size-medium wp-image-11145\" alt=\"\" srcset=\"https:\/\/sindacatomedicitaliani.it\/wp-content\/uploads\/2023\/12\/smiconfsalLOGO-300x130.png 300w, https:\/\/sindacatomedicitaliani.it\/wp-content\/uploads\/2023\/12\/smiconfsalLOGO-1024x444.png 1024w, https:\/\/sindacatomedicitaliani.it\/wp-content\/uploads\/2023\/12\/smiconfsalLOGO-768x333.png 768w, https:\/\/sindacatomedicitaliani.it\/wp-content\/uploads\/2023\/12\/smiconfsalLOGO.png 1320w\" sizes=\"(max-width: 300px) 100vw, 300px\" \/>\t\t\t\t\t\t\t\t\t\t\t\t\t<\/div>\n\t\t\t\t<\/div>\n\t\t\t\t<div class=\"elementor-element elementor-element-7f2ad2a elementor-widget elementor-widget-text-editor\" data-id=\"7f2ad2a\" data-element_type=\"widget\" data-widget_type=\"text-editor.default\">\n\t\t\t\t<div class=\"elementor-widget-container\">\n\t\t\t\t\t\t\t<h6 style=\"font-variant-ligatures: normal; font-variant-caps: normal; font-style: normal;\"><strong style=\"font-size: 22px;\">Comunicato Stampa<\/strong><\/h6>\t\t\t\t\t\t<\/div>\n\t\t\t\t<\/div>\n\t\t\t\t<div class=\"elementor-element elementor-element-7ba59fc elementor-widget elementor-widget-text-editor\" data-id=\"7ba59fc\" data-element_type=\"widget\" data-widget_type=\"text-editor.default\">\n\t\t\t\t<div class=\"elementor-widget-container\">\n\t\t\t\t\t\t\t<h6><strong>Medici in sciopero il 15 e 16 settembre contro<br \/><\/strong><strong>\u00a0l\u2019accordo stralcio sulle Case di Comunit\u00e0!<\/strong><\/h6><h6>\u00a0<strong>Dichiarazione di<\/strong><strong>\u00a0Pina Onotri,\u00a0<\/strong><strong>Segretario Generale<br \/><\/strong><strong>Sindacato Medici Italiani (SMI)<\/strong><\/h6>\t\t\t\t\t\t<\/div>\n\t\t\t\t<\/div>\n\t\t\t\t<div class=\"elementor-element elementor-element-34923582 elementor-widget__width-initial elementor-widget elementor-widget-text-editor\" data-id=\"34923582\" data-element_type=\"widget\" data-widget_type=\"text-editor.default\">\n\t\t\t\t<div class=\"elementor-widget-container\">\n\t\t\t\t\t\t\t<p>Roma, 4 sett.- &nbsp;Le procedure di raffreddamento&nbsp; e conciliazione con il Ministero del Lavoro si sono concluse con esito negativo nell\u2019incontro di ieri, per questo confermiamo lo sciopero del 15 e 16 settembre 2026 per chiedere la disapplicazione dell\u2019Accordo Collettivo Nazionale stralcio di Medicina Generale sulle&nbsp; Case di Comunit\u00e0 per i nostri iscritti, cos\u00ec Pina Onotri, Segretario Generale SMI rende pubblica la notizia.<br>La nostra decisone \u00e8 scaturita dall&#8217;assenza di impegni precisi da parte della Parte Pubblica in merito alle nostre rivendicazioni su:<br>abolizione del \u201cRuolo Unico\u201d, introdotto con la Legge Balduzzi, considerato la causa principale della burocratizzazione e della fuga dalla professione. Per&nbsp; lo stop al debito orario coatto e rimozione dell\u2019obbligo per i MMG di coprire fino a sei ore settimanali nelle Case di Comunit\u00e0, trasformando tale attivit\u00e0 in un contratto orario autonomo, flessibile e su base esclusivamente volontaria. Per il rilancio della Medicina dei Servizi, con il potenziamento di quest\u2019area per coprire le strutture territoriali e abbattere le liste d\u2019attesa, garantendo ai professionisti le stesse tutele della dirigenza medica. Per l\u2019istituzione della specializzazione universitaria con il passaggio della formazione della medicina generale sotto l\u2019alveo accademico per garantire dignit\u00e0 agli standard europei, con il riconoscimento dell\u2019equipollenza del titolo per chi ha gi\u00e0 maturato esperienza sul campo; per il&nbsp; doppio canale di accesso alla professione (dipendenza e convenzione) e per il rafforzamento degli organici del 118.<br>Raccogliamo, inoltre, la sofferenza di tanti giovani medici&nbsp; e giovani colleghe inseriti nel RUAP (Ruolo Unico di Assistenza Primaria) perch\u00e9 subiscono una grave penalizzazione dall\u2019ACN stralcio di giugno 2026. Sono costretti, infatti,&nbsp; a carichi di lavoro insostenibili (fino a 60 ore settimanali) senza adeguate tutele sindacali (malattia, maternit\u00e0, ferie) o flessibilit\u00e0 (mancanza di part-time).<br>Saranno, comunque, assicurate visite domiciliari urgenti, con riguardo alle condizioni cliniche e alla possibilit\u00e0 di mobilit\u00e0 del paziente, assistenza domiciliare integrata, assistenza domiciliare programmata a malati terminali, nonch\u00e9 le ulteriori prestazioni definite indispensabili nell\u2019ambito degli accordi regionali.<br>Intendiamo, in questo modo, inaugurare una grande stagione di mobilitazione,&nbsp; chiamando i propri&nbsp; iscritti e i simpatizzanti a sostenere questa battaglia a difesa del lavoro dei medici di famiglia. In tal senso, la petizione presentata a fine luglio alla Camera dei&nbsp; Deputati, &nbsp;che &nbsp;ha raggiunto gi\u00e0 in 30 giorni &nbsp;pi\u00f9 di 8000 firme, \u00e8 di grande auspicio e sostegno.<\/p>\n<p><strong>Ufficio Stampa<\/strong><\/p>\t\t\t\t\t\t<\/div>\n\t\t\t\t<\/div>\n\t\t\t\t\t<\/div>\n\t\t<\/div>\n\t\t\t\t\t<\/div>\n\t\t<\/section>\n\t\t\t\t<\/div>\n\t\t","protected":false},"excerpt":{"rendered":"<p>Comunicato Stampa Medici in sciopero il 15 e 16 settembre contro\u00a0l\u2019accordo stralcio sulle Case di [&hellip;]<\/p>\n","protected":false},"author":4,"featured_media":11196,"comment_status":"closed","ping_status":"open","sticky":false,"template":"elementor_canvas","format":"standard","meta":{"footnotes":""},"categories":[11,12],"tags":[33,31,59,131,109,139,38,57,71,138,130,73,54,72,53,75,44,102,47,56,63,107,68,69,62,39,132,70,137,55,37],"_links":{"self":[{"href":"https:\/\/sindacatomedicitaliani.it\/index.php\/wp-json\/wp\/v2\/posts\/15069"}],"collection":[{"href":"https:\/\/sindacatomedicitaliani.it\/index.php\/wp-json\/wp\/v2\/posts"}],"about":[{"href":"https:\/\/sindacatomedicitaliani.it\/index.php\/wp-json\/wp\/v2\/types\/post"}],"author":[{"embeddable":true,"href":"https:\/\/sindacatomedicitaliani.it\/index.php\/wp-json\/wp\/v2\/users\/4"}],"replies":[{"embeddable":true,"href":"https:\/\/sindacatomedicitaliani.it\/index.php\/wp-json\/wp\/v2\/comments?post=15069"}],"version-history":[{"count":4,"href":"https:\/\/sindacatomedicitaliani.it\/index.php\/wp-json\/wp\/v2\/posts\/15069\/revisions"}],"predecessor-version":[{"id":15073,"href":"https:\/\/sindacatomedicitaliani.it\/index.php\/wp-json\/wp\/v2\/posts\/15069\/revisions\/15073"}],"wp:featuredmedia":[{"embeddable":true,"href":"https:\/\/sindacatomedicitaliani.it\/index.php\/wp-json\/wp\/v2\/media\/11196"}],"wp:attachment":[{"href":"https:\/\/sindacatomedicitaliani.it\/index.php\/wp-json\/wp\/v2\/media?parent=15069"}],"wp:term":[{"taxonomy":"category","embeddable":true,"href":"https:\/\/sindacatomedicitaliani.it\/index.php\/wp-json\/wp\/v2\/categories?post=15069"},{"taxonomy":"post_tag","embeddable":true,"href":"https:\/\/sindacatomedicitaliani.it\/index.php\/wp-json\/wp\/v2\/tags?post=15069"}],"curies":[{"name":"wp","href":"https:\/\/api.w.org\/{rel}","templated":true}]}}