{"id":1806,"date":"2019-07-17T14:10:30","date_gmt":"2019-07-17T12:10:30","guid":{"rendered":"http:\/\/sindacatomedicitaliani.it\/?p=1806"},"modified":"2019-07-18T17:14:03","modified_gmt":"2019-07-18T15:14:03","slug":"ministerosalute-contrattonazionale-17-luglio-2019","status":"publish","type":"post","link":"https:\/\/sindacatomedicitaliani.it\/index.php\/2019\/07\/17\/ministerosalute-contrattonazionale-17-luglio-2019\/","title":{"rendered":"Comunicato Stampa &#8211; SMI al Ministero della Salute per le proposte sul contratto nazionale"},"content":{"rendered":"\t\t<div data-elementor-type=\"wp-post\" data-elementor-id=\"1806\" class=\"elementor elementor-1806\">\n\t\t\t\t\t\t<section class=\"elementor-section elementor-top-section elementor-element elementor-element-548f498e elementor-section-boxed elementor-section-height-default elementor-section-height-default\" data-id=\"548f498e\" data-element_type=\"section\">\n\t\t\t\t\t\t<div class=\"elementor-container elementor-column-gap-default\">\n\t\t\t\t\t<div class=\"elementor-column elementor-col-100 elementor-top-column elementor-element elementor-element-46d278bd\" data-id=\"46d278bd\" data-element_type=\"column\">\n\t\t\t<div class=\"elementor-widget-wrap elementor-element-populated\">\n\t\t\t\t\t\t<div class=\"elementor-element elementor-element-7f2ad2a elementor-widget elementor-widget-text-editor\" data-id=\"7f2ad2a\" data-element_type=\"widget\" data-widget_type=\"text-editor.default\">\n\t\t\t\t<div class=\"elementor-widget-container\">\n\t\t\t\t\t\t\t<h5><strong>Comunicato Stampa:<br \/><\/strong><\/h5>\t\t\t\t\t\t<\/div>\n\t\t\t\t<\/div>\n\t\t\t\t<div class=\"elementor-element elementor-element-7ba59fc elementor-widget elementor-widget-text-editor\" data-id=\"7ba59fc\" data-element_type=\"widget\" data-widget_type=\"text-editor.default\">\n\t\t\t\t<div class=\"elementor-widget-container\">\n\t\t\t\t\t\t\t<h6>Lo SMI al Ministero della Salute\u00a0per le proposte sul contratto nazionale dei medici<\/h6>\n<p>\u00a0<\/p>\n<h6>Dichiarazione di\u00a0Pina Onotri, Segretario Generale del SMI<\/h6>\t\t\t\t\t\t<\/div>\n\t\t\t\t<\/div>\n\t\t\t\t<div class=\"elementor-element elementor-element-34923582 elementor-widget elementor-widget-text-editor\" data-id=\"34923582\" data-element_type=\"widget\" data-widget_type=\"text-editor.default\">\n\t\t\t\t<div class=\"elementor-widget-container\">\n\t\t\t\t\t\t\t<p><!-- wp:paragraph --><\/p>\n<p>Roma, 17 luglio &#8211; &#8220;Oggi abbiamo illustrato le ragioni del Sindacato Medici Italiani della rottura della trattativa sul contratto nazionale di MMG&#8221; ha dichiarato Pina Onotri Segretario Generale del SMI che guidava una delegazione sindacale al Ministero della Salute.\u00a0\u00a0<\/p>\n<p>&#8220;Abbiamo ritenuto di dover interrompere le trattative con SISAC in quanto siamo convinti che i finanziamenti destinati al rilancio della medicina territoriale siano nettamente insufficienti, anche in considerazione della necessit\u00e0 di sopperire alla sempre pi\u00f9 carente offerta ospedaliera la cui genesi \u00e8 da ricercarsi, soprattutto, nella carenza di personale da cui dipendono, essenzialmente, i servizi da erogare&#8221;, ha aggiunto Onotri.<\/p>\n<p><strong>&#8220;<\/strong>Siamo convinti che bisogna recuperare la vacanza contrattuale in quota capitaria per superare finalmente il blocco ventennale della parte fissa dello stipendio&#8221;.<\/p>\n<p>&#8220;Considerato l\u2019aumentato carico di lavoro burocratico degli studi medici \u00e8 verosimile che si debba puntare ad aumentare, sino al raddoppio delle quote, le indennit\u00e0 per segretaria ed infermiera quale investimento territoriale secco&#8221;.<\/p>\n<p>&#8220;Abbiamo, altres\u00ec, proposto con la predisposizione di un decreto legge ad hoc, che il medico in generale e l\u2019mmg in particolare, diventino unico gestore della salute del paziente sul territorio e siano il coordinatore unico e l\u2019attivatore delle nuove figure professionali quali infermiere di famiglia, psicologo di famiglia&#8221;.<\/p>\n<p>&#8220;Nell\u2019incontro abbiamo ribadito la necessit\u00e0 di conoscere l\u2019entit\u00e0 dei finanziamenti regionali, svincolati dal fondo finanziato nazionale, per l\u2019attivazione delle procedure previste dalla legge Balduzzi e sostenuto con forza il passaggio alla dirigenza dei medici del 118 o in alternativa istituire anche per essi un tavolo di concertazione specifico&#8221;.<\/p>\n<p>&#8220;Per quanto riguarda i bandi per il corso di formazione in M.G., abbiamo proposto il prolungamento dei tempi di scorrimento, considerato il ritardo nel pubblicare i bandi per il corso di formazione in M.G, delle graduatorie oltre i 180 giorni previsti ai fini di non lasciare borse inutilizzate.<\/p>\n<p>Chiediamo con forza azioni per l\u2019adozione delle pari opportunit\u00e0 e maggiori tutele per la categoria. Se le nostre richieste, almeno in parte, non saranno accolte, siamo disposti ad adottare, come punto di riferimento, il contratto di specialistica ambulatoriale tutele comprese (ferie, maternit\u00e0, malattia)&#8221; conclude Onotri.<\/p>\n<p><b>L\u2019Ufficio Stampa SMI &#8211;\u00a0<\/b>Per info:\u00a0ufficiostampa@sindacatomedicitaliani.it<\/p>\n<p><!-- \/wp:paragraph --><\/p>\t\t\t\t\t\t<\/div>\n\t\t\t\t<\/div>\n\t\t\t\t\t<\/div>\n\t\t<\/div>\n\t\t\t\t\t<\/div>\n\t\t<\/section>\n\t\t\t\t<\/div>\n\t\t","protected":false},"excerpt":{"rendered":"<p>Comunicato Stampa: Lo SMI al Ministero della Salute\u00a0per le proposte sul contratto nazionale dei medici [&hellip;]<\/p>\n","protected":false},"author":2,"featured_media":643,"comment_status":"closed","ping_status":"open","sticky":false,"template":"","format":"standard","meta":{"footnotes":""},"categories":[25,11],"tags":[33,31],"_links":{"self":[{"href":"https:\/\/sindacatomedicitaliani.it\/index.php\/wp-json\/wp\/v2\/posts\/1806"}],"collection":[{"href":"https:\/\/sindacatomedicitaliani.it\/index.php\/wp-json\/wp\/v2\/posts"}],"about":[{"href":"https:\/\/sindacatomedicitaliani.it\/index.php\/wp-json\/wp\/v2\/types\/post"}],"author":[{"embeddable":true,"href":"https:\/\/sindacatomedicitaliani.it\/index.php\/wp-json\/wp\/v2\/users\/2"}],"replies":[{"embeddable":true,"href":"https:\/\/sindacatomedicitaliani.it\/index.php\/wp-json\/wp\/v2\/comments?post=1806"}],"version-history":[{"count":2,"href":"https:\/\/sindacatomedicitaliani.it\/index.php\/wp-json\/wp\/v2\/posts\/1806\/revisions"}],"predecessor-version":[{"id":1808,"href":"https:\/\/sindacatomedicitaliani.it\/index.php\/wp-json\/wp\/v2\/posts\/1806\/revisions\/1808"}],"wp:featuredmedia":[{"embeddable":true,"href":"https:\/\/sindacatomedicitaliani.it\/index.php\/wp-json\/wp\/v2\/media\/643"}],"wp:attachment":[{"href":"https:\/\/sindacatomedicitaliani.it\/index.php\/wp-json\/wp\/v2\/media?parent=1806"}],"wp:term":[{"taxonomy":"category","embeddable":true,"href":"https:\/\/sindacatomedicitaliani.it\/index.php\/wp-json\/wp\/v2\/categories?post=1806"},{"taxonomy":"post_tag","embeddable":true,"href":"https:\/\/sindacatomedicitaliani.it\/index.php\/wp-json\/wp\/v2\/tags?post=1806"}],"curies":[{"name":"wp","href":"https:\/\/api.w.org\/{rel}","templated":true}]}}