{"id":1809,"date":"2019-07-18T17:12:23","date_gmt":"2019-07-18T15:12:23","guid":{"rendered":"http:\/\/sindacatomedicitaliani.it\/?p=1809"},"modified":"2019-07-22T15:30:16","modified_gmt":"2019-07-22T13:30:16","slug":"incontro-fioramonti-miur-18-luglio-2019-2","status":"publish","type":"post","link":"https:\/\/sindacatomedicitaliani.it\/index.php\/2019\/07\/18\/incontro-fioramonti-miur-18-luglio-2019-2\/","title":{"rendered":"Comunicato Stampa &#8211; Incontro Vice Ministro Fioramonti e delegazione dello SMI"},"content":{"rendered":"\t\t<div data-elementor-type=\"wp-post\" data-elementor-id=\"1809\" class=\"elementor elementor-1809\">\n\t\t\t\t\t\t<section class=\"elementor-section elementor-top-section elementor-element elementor-element-548f498e elementor-section-boxed elementor-section-height-default elementor-section-height-default\" data-id=\"548f498e\" data-element_type=\"section\">\n\t\t\t\t\t\t<div class=\"elementor-container elementor-column-gap-default\">\n\t\t\t\t\t<div class=\"elementor-column elementor-col-100 elementor-top-column elementor-element elementor-element-46d278bd\" data-id=\"46d278bd\" data-element_type=\"column\">\n\t\t\t<div class=\"elementor-widget-wrap elementor-element-populated\">\n\t\t\t\t\t\t<div class=\"elementor-element elementor-element-7f2ad2a elementor-widget elementor-widget-text-editor\" data-id=\"7f2ad2a\" data-element_type=\"widget\" data-widget_type=\"text-editor.default\">\n\t\t\t\t<div class=\"elementor-widget-container\">\n\t\t\t\t\t\t\t<h5><strong>Comunicato Stampa:<br \/><\/strong><\/h5>\t\t\t\t\t\t<\/div>\n\t\t\t\t<\/div>\n\t\t\t\t<div class=\"elementor-element elementor-element-7ba59fc elementor-widget elementor-widget-text-editor\" data-id=\"7ba59fc\" data-element_type=\"widget\" data-widget_type=\"text-editor.default\">\n\t\t\t\t<div class=\"elementor-widget-container\">\n\t\t\t\t\t\t\t<h6 class=\"MsoNormal\" style=\"margin-bottom: 0.0001pt; line-height: normal; background-image: initial; background-position: initial; background-size: initial; background-repeat: initial; background-attachment: initial; background-origin: initial; background-clip: initial;\" align=\"center\"><span style=\"font-family: 'Open Sans', sans-serif; font-size: 22px; font-weight: normal;\">Incontro tra Vice Ministro Lorenzo Fioramonti del MIUR <br \/>e delegazione dello SMI Nazionale<\/span><\/h6>\n<h6 class=\"MsoNormal\" style=\"margin-bottom: 0.0001pt; line-height: normal; background-image: initial; background-position: initial; background-size: initial; background-repeat: initial; background-attachment: initial; background-origin: initial; background-clip: initial;\" align=\"center\"><span style=\"font-family: 'Open Sans', sans-serif; font-size: 22px; font-weight: normal;\">&#8220;Istituire la Scuola di Specializzazione in Medicina Generale&#8221; <br \/><br \/><\/span><\/h6>\n<h6 class=\"MsoNormal\" style=\"margin-bottom: 0.0001pt; line-height: normal; background-image: initial; background-position: initial; background-size: initial; background-repeat: initial; background-attachment: initial; background-origin: initial; background-clip: initial;\" align=\"center\"><span style=\"font-family: 'Open Sans', sans-serif; font-size: 22px; font-weight: normal;\">Nota stampa Nazionale del Sindacato Medici Italiani<\/span><\/h6>\t\t\t\t\t\t<\/div>\n\t\t\t\t<\/div>\n\t\t\t\t<div class=\"elementor-element elementor-element-34923582 elementor-widget elementor-widget-text-editor\" data-id=\"34923582\" data-element_type=\"widget\" data-widget_type=\"text-editor.default\">\n\t\t\t\t<div class=\"elementor-widget-container\">\n\t\t\t\t\t\t\t<p><!-- wp:paragraph --><\/p>\n<p>Roma 18 luglio &#8211; Oggi si \u00e8 tenuto al MIUR un incontro tra il Vice Ministro Lorenzo Fioramonti e una delegazione dello SMI composta da Pina Onotri, Segretario Generale dello SMI, da Delia Epifani, Responsabile Nazionale Area Formazione e Prospettive e da Pietrino Forfori dello SMI e componente dell\u2019Osservatorio sulla Formazione del Ministero della Sanit\u00e0.\u00a0<br \/><span style=\"font-family: 'Open Sans', serif; font-size: 15px;\">\u201cIl Sindacato Medici Italiani e la sua Area Formazione hanno da sempre sostenuto la necessit\u00e0 di una formazione di qualit\u00e0 da garantire a tutti i medici laureati\u201d si legge in una nota stampa nazionale del Sindacato Medici Italiani\u201d.\u00a0<br \/><\/span><span style=\"font-family: 'Open Sans', serif; font-size: 15px;\">\u201cAllo stato attuale, per\u00f2, non solo non \u00e8 sempre garantita la qualit\u00e0 della formazione, ma per migliaia di medici la formazione non \u00e8 garantita affatto. Seppur aumentate nell\u2019ultimo anno, le borse di studio stanziate nel 2019 risultano comunque insufficienti per permettere a tutti i medici di completare il proprio percorso formativo\u201d, continua la nota.\u00a0<br \/><\/span><span style=\"font-family: 'Open Sans', serif; font-size: 15px;\">\u00c8 evidente che un aumento notevole del numero di borse disponibili deve necessariamente accompagnarsi ad un aumento del numero di poli formativi attrezzati ad accogliere i medici specializzandi. Per questo motivo il ruolo di vigilanza dell\u2019Osservatorio Nazionale per le Specializzazioni Mediche e dello stesso MIUR dovr\u00e0 essere quanto mai centrale\u201d.\u00a0<br \/><\/span><span style=\"font-family: 'Open Sans', serif; font-size: 15px;\">\u201cInoltre, nell\u2019ottica di ridefinizione del ruolo del Medico di Medicina Generale all\u2019interno del SSN e nell\u2019ottica del far riacquistare a tale professione dignit\u00e0 pari a qualsiasi altro tipo di percorso specialistico riteniamo fondamentale la creazione della Scuola di Specializzazione in Medicina Generale. Tale scuola, gi\u00e0 presente in altre realt\u00e0 europee, dovrebbe avere come capo saldo l\u2019integrazione tra le Reti Ospedaliere, l\u2019Assistenza Sanitaria Territoriale e l\u2019Universit\u00e0, al fine di garantire una formazione pluridisciplinare che \u00e8 essenziale per un Medico di Medicina Generale.\u201d<br \/><\/span><span style=\"font-family: 'Open Sans', serif; font-size: 15px;\">\u201cIl passaggio da Corso di Formazione a Scuola di Specializzazione debba essere graduale e debba procedere per step. Per questo, riteniamo opportuno iniziare il processo di cambiamento applicando su tutto il territorio nazionale il modello del Dipartimento Misto Universit\u00e0-Medici di Medicina Generale che \u00e8 stato di recente ratificato in Liguria. Grazie a tale Dipartimento, infatti, \u00e8 possibile un contatto reale e costruttivo tra realt\u00e0 diverse che potranno contribuire al miglioramento della formazione in medicina generale. L\u2019adozione di questo modello in tutte le Regioni, inoltre, sarebbe estremamente utile per uniformare gli standard formativi del CFSMG che, invece purtroppo, sono molto variegati\u201d conclude la nota del Sindacato Medici Italiani.<\/span><\/p>\n<p><b>L\u2019Ufficio Stampa SMI &#8211;\u00a0<\/b>Per info:\u00a0ufficiostampa@sindacatomedicitaliani.it<\/p>\n<p><!-- \/wp:paragraph --><\/p>\t\t\t\t\t\t<\/div>\n\t\t\t\t<\/div>\n\t\t\t\t\t<\/div>\n\t\t<\/div>\n\t\t\t\t\t<\/div>\n\t\t<\/section>\n\t\t\t\t<\/div>\n\t\t","protected":false},"excerpt":{"rendered":"<p>Comunicato Stampa: Incontro tra Vice Ministro Lorenzo Fioramonti del MIUR e delegazione dello SMI Nazionale [&hellip;]<\/p>\n","protected":false},"author":2,"featured_media":643,"comment_status":"closed","ping_status":"open","sticky":false,"template":"","format":"standard","meta":{"footnotes":""},"categories":[25,11],"tags":[33,31],"_links":{"self":[{"href":"https:\/\/sindacatomedicitaliani.it\/index.php\/wp-json\/wp\/v2\/posts\/1809"}],"collection":[{"href":"https:\/\/sindacatomedicitaliani.it\/index.php\/wp-json\/wp\/v2\/posts"}],"about":[{"href":"https:\/\/sindacatomedicitaliani.it\/index.php\/wp-json\/wp\/v2\/types\/post"}],"author":[{"embeddable":true,"href":"https:\/\/sindacatomedicitaliani.it\/index.php\/wp-json\/wp\/v2\/users\/2"}],"replies":[{"embeddable":true,"href":"https:\/\/sindacatomedicitaliani.it\/index.php\/wp-json\/wp\/v2\/comments?post=1809"}],"version-history":[{"count":4,"href":"https:\/\/sindacatomedicitaliani.it\/index.php\/wp-json\/wp\/v2\/posts\/1809\/revisions"}],"predecessor-version":[{"id":1813,"href":"https:\/\/sindacatomedicitaliani.it\/index.php\/wp-json\/wp\/v2\/posts\/1809\/revisions\/1813"}],"wp:featuredmedia":[{"embeddable":true,"href":"https:\/\/sindacatomedicitaliani.it\/index.php\/wp-json\/wp\/v2\/media\/643"}],"wp:attachment":[{"href":"https:\/\/sindacatomedicitaliani.it\/index.php\/wp-json\/wp\/v2\/media?parent=1809"}],"wp:term":[{"taxonomy":"category","embeddable":true,"href":"https:\/\/sindacatomedicitaliani.it\/index.php\/wp-json\/wp\/v2\/categories?post=1809"},{"taxonomy":"post_tag","embeddable":true,"href":"https:\/\/sindacatomedicitaliani.it\/index.php\/wp-json\/wp\/v2\/tags?post=1809"}],"curies":[{"name":"wp","href":"https:\/\/api.w.org\/{rel}","templated":true}]}}