{"id":2031,"date":"2019-10-08T17:44:32","date_gmt":"2019-10-08T15:44:32","guid":{"rendered":"http:\/\/sindacatomedicitaliani.it\/?p=2031"},"modified":"2019-10-08T17:57:03","modified_gmt":"2019-10-08T15:57:03","slug":"comunicato-stampa-lettera-direttore-marche","status":"publish","type":"post","link":"https:\/\/sindacatomedicitaliani.it\/index.php\/2019\/10\/08\/comunicato-stampa-lettera-direttore-marche\/","title":{"rendered":"Comunicato Stampa &#8211; lettera al direttore"},"content":{"rendered":"\t\t<div data-elementor-type=\"wp-post\" data-elementor-id=\"2031\" class=\"elementor elementor-2031\">\n\t\t\t\t\t\t<section class=\"elementor-section elementor-top-section elementor-element elementor-element-548f498e elementor-section-boxed elementor-section-height-default elementor-section-height-default\" data-id=\"548f498e\" data-element_type=\"section\">\n\t\t\t\t\t\t<div class=\"elementor-container elementor-column-gap-default\">\n\t\t\t\t\t<div class=\"elementor-column elementor-col-100 elementor-top-column elementor-element elementor-element-46d278bd\" data-id=\"46d278bd\" data-element_type=\"column\">\n\t\t\t<div class=\"elementor-widget-wrap elementor-element-populated\">\n\t\t\t\t\t\t<div class=\"elementor-element elementor-element-7f2ad2a elementor-widget elementor-widget-text-editor\" data-id=\"7f2ad2a\" data-element_type=\"widget\" data-widget_type=\"text-editor.default\">\n\t\t\t\t<div class=\"elementor-widget-container\">\n\t\t\t\t\t\t\t<h5><strong>Comunicato Stampa:<br \/><\/strong><\/h5>\t\t\t\t\t\t<\/div>\n\t\t\t\t<\/div>\n\t\t\t\t<div class=\"elementor-element elementor-element-7ba59fc elementor-widget elementor-widget-text-editor\" data-id=\"7ba59fc\" data-element_type=\"widget\" data-widget_type=\"text-editor.default\">\n\t\t\t\t<div class=\"elementor-widget-container\">\n\t\t\t\t\t\t\t<h6 style=\"text-align: center;\" align=\"center\"><strong style=\"font-style: normal; font-variant-ligatures: normal; font-variant-caps: normal; font-family: 'Open Sans', sans-serif; font-size: 22px; text-align: justify;\"><span style=\"line-height: 19.6px; font-family: 'Times New Roman', serif; font-size: 14pt;\">Nella Regione Marche continua la carenza endemica dei medici dell&#8217;emergenza territoriale<br \/><\/span><\/strong><strong style=\"font-family: 'Open Sans', sans-serif; font-size: 22px; font-style: normal; font-variant-ligatures: normal; font-variant-caps: normal; text-align: justify;\"><span style=\"line-height: 19.6px; font-family: 'Times New Roman', serif; font-size: 14pt;\">I medici del 118 non possono essere pagati a prestazioni<\/span><\/strong><\/h6>\n<div><strong style=\"color: #333333; font-family: 'Open Sans', sans-serif; font-size: 22px;\"><span style=\"font-size: 14.0pt; line-height: 105%; font-family: 'Times New Roman',serif;\">Lettera al Direttore di<br \/><\/span><\/strong><strong style=\"color: #333333; font-family: 'Open Sans', sans-serif; font-size: 22px;\"><span style=\"font-size: 14.0pt; line-height: 105%; font-family: 'Times New Roman',serif;\">Santina Catanese,\u00a0 Responsabile Marche Medici 118 del Sindacato Medici Italiani<\/span><\/strong><\/div>\t\t\t\t\t\t<\/div>\n\t\t\t\t<\/div>\n\t\t\t\t<div class=\"elementor-element elementor-element-34923582 elementor-widget elementor-widget-text-editor\" data-id=\"34923582\" data-element_type=\"widget\" data-widget_type=\"text-editor.default\">\n\t\t\t\t<div class=\"elementor-widget-container\">\n\t\t\t\t\t\t\t<p><!-- wp:paragraph --><\/p>\n<p><span style=\"font-size: 14.0pt; line-height: 105%; font-family: 'Times New Roman',serif;\">Ancona 8 ott. &#8211; Gentile Direttore, il rischio della de-medicalizzazione forzata dell\u2019emergenza extraospedaliera in tutta la Regione Marche \u00e8 alle porte. In quasi tutte le postazioni di 118 della Regione a fronte di un fabbisogno di un organico pari a 5,5 unit\u00e0\/postazione, il numero medio attuale di unit\u00e0 presenti \u00e8 di 4\/3.5 medici. <\/span><\/p>\n<p><span style=\"font-size: 14.0pt; line-height: 105%; font-family: 'Times New Roman',serif;\">Alcune postazioni hanno solo 3 medici e devono garantire una copertura H24 del territorio. La postazione territoriale dell&#8217;emergenza sanitaria (Potes) di Cagli e quella di Urbino, come pure quella di Arcevia, sono di fatto sotto organico. Arcevia, sebbene la delibera regionale preveda una medicalizzazione H 24 (DGR 22 febbraio N\u00b0 139) \u00e8 quasi del tutto priva di medici 118 propri e viene coperta parzialmente da anni dai medici della postazione di Senigallia, sotto-organico anche quest&#8217;ultima come altre postazioni della Regione. <\/span><\/p>\n<p><span style=\"font-size: 14.0pt; line-height: 105%; font-family: 'Times New Roman',serif;\">A nulla sono valse le proteste dei sindaci dei comuni marchigiani che oltre a trovarsi con i piccoli ospedali chiusi, si ritrovano anche senza medici sulle ambulanze.<\/span><\/p>\n<p><span style=\"font-size: 14.0pt; line-height: 105%; font-family: 'Times New Roman',serif;\">Molti medici stanno svolgendo un numero di ore fuori da qualsiasi logica lavorativa, arrivando ad oltre le 204 ore mensili, alle quali si aggiungono anche pratiche contrattualmente inaccettabili in alcune realt\u00e0 sanitarie regionali.<\/span><\/p>\n<p><span style=\"font-size: 14.0pt; line-height: 105%; font-family: 'Times New Roman',serif;\">Vogliamo parlare ad esempio dell\u2019Area Vasta 1 che considera le ore di ferie in busta paga conteggiate a parte per i suoi medici 118, come se le ferie non fossero orario maturato?<\/span><\/p>\n<p><span style=\"font-size: 14.0pt; line-height: 105%; font-family: 'Times New Roman',serif;\">\u00c8 come se per questi medici non fosse riconosciuto il diritto al riposo, garantito dalla Costituzione italiana a tutti i lavoratori, per non parlare dei contenziosi assicurativi che ci\u00f2 potrebbe comportare.<\/span><\/p>\n<p><span style=\"font-size: 14.0pt; line-height: 105%; font-family: 'Times New Roman',serif;\">I medici 118 convenzionati operano come i colleghi dipendenti del 118, affrontano gli stessi rischi professionali, corrono gli stessi pericoli in termini di sicurezza personale ma non hanno gli stessi diritti, le stesse coperture previdenziali, assicurative, le stesse tutele. Non si comprende come anche la Corte Suprema di Ancona (sentenza n.229\/2019) consideri i medici convenzionati del 118 dei parasubordinati, ai quali non vanno applicati i diritti tipici dei lavoratori dipendenti perch\u00e9\u2019 assimilati ai lavoratori autonomi.<\/span><\/p>\n<p><span style=\"font-size: 14.0pt; line-height: 105%; font-family: 'Times New Roman',serif;\">E ci chiediamo ancora perch\u00e9 i Medici 118 se ne vanno via dal Servizio 118 e non c&#8217;\u00e8 turn-over?<\/span><\/p>\n<p><span style=\"font-size: 14.0pt; line-height: 105%; font-family: 'Times New Roman',serif;\">Da anni chiediamo per tutti i medici 118 operanti nel sistema un contratto unico: la dirigenza Medica.<\/span><\/p>\n<p><span style=\"font-size: 14.0pt; line-height: 105%; font-family: 'Times New Roman',serif;\">I medici del 118 sono rimasti amareggiati e delusi dalla giurisprudenza regionale, che non \u00e8 stata in grado di capire la reale sostanza delle loro richieste. Stesso discorso vale per quanto riguarda le determina ASUR e in particolare la 08\/05\/2019 numero 245 che considera questi medici alla stregua di \u201cmanovalanza tappabuchi\u201d, monetizzando le loro prestazioni nei pronto soccorso, pagandoli a 10 euro per paziente trattato e chiuso, impegnandoli nella gestione dei PPI\/PAT, gestendo le criticit\u00e0 ospedaliere con risorse territoriali, non riconoscendo n\u00e9 valorizzando la grande professionalit\u00e0, disponibilit\u00e0 e senso di responsabilit\u00e0 che questi medici hanno dimostrato non da qualche giorno ma negli ultimi 20 anni con il loro incessante e spesso \u201csilenzioso\u201d lavoro a tutela della salute dei cittadini marchigiani.<\/span><\/p>\n<p><span style=\"font-size: 14.0pt; line-height: 105%; font-family: 'Times New Roman',serif;\">E, come se non bastasse alcune aree vaste della Regione stanno proponendo ai medici 118 convenzionati dei \u201ccontratti\u201d a sottoscrizione personale tra medico ed azienda, facendosi, riteniamo, beffa del contratto di convenzione e degli accordi sindacali, delegittimando l\u2019attivit\u00e0 sindacale. Ne \u00e8 un esempio l&#8217;\u201daccordo\u201d dell&#8217;Area Vasta 3 della Regione presentato il 29 settembre scorso in violazione di tutte le procedure previste in tema di contrattazione sindacale, a dispetto delle richieste formulate dai rappresentanti sindacali ed addirittura della loro presenza.<\/span><\/p>\n<p><span style=\"font-size: 14.0pt; line-height: 105%; font-family: 'Times New Roman',serif;\">Non solo prevedendo in tale accordo applicazione in tema di compenso, di tariffe fuori da ogni logica contrattuale, con una diminuzione del compenso a parit\u00e0 di prestazione.<\/span><\/p>\n<p><span style=\"font-size: 14.0pt; line-height: 105%; font-family: 'Times New Roman',serif;\">E qualcuno ha il coraggio di non capire ancora perch\u00e9 i medici 118, dopo tanti anni in cui hanno stretto i denti per rispondere alle criticit\u00e0 ed al bisogno di salute del territorio marchigiano, di fronte ad una indifferenza decennale dell&#8217;ASUR a risolvere le criticit\u00e0 strutturali ed organizzative presentate da questi medici se ne stanno andando in altri settori ed in altre Regioni?<\/span><\/p>\n<p><span style=\"font-size: 14.0pt; line-height: 105%; font-family: 'Times New Roman',serif;\">Cos\u00ec senza il giusto riconoscimento ed ulteriori tutele i medici si spostano verso attivit\u00e0 lavorative pi\u00f9 remunerative, meno rischiose e con contratti migliori. Da ultimo, per la carenza di personale medico nei pronto soccorso la Regione Marche ha indetto un concorso nel ruolo della dirigenza a tempo determinato per medici senza specializzazione alcuna ma con solo con tre anni di attivit\u00e0 nei servizi dell\u2019emergenza extraospedaliera. Parecchi giovani medici hanno lasciato il servizio 118 per spostarsi a lavorare nei pronto soccorso con un contratto che offre loro quelle tutele che non avrebbero mai ottenuto continuando a lavorare nel servizio 118.<\/span><\/p>\n<p><span style=\"font-size: 14.0pt; line-height: 105%; font-family: 'Times New Roman',serif;\">In pratica il medico, anche senza la specializzazione in medicina d&#8217;emergenza-urgenza e\/o equipollenze, purch\u00e9 lavori nei pronto soccorso ha diritto ad un contratto a tempo determinato nella dirigenza con le relative giuste tutele, ma se sceglie di rimanere nel 118 si deve accontentare del contratto della convenzione!!!<\/span><\/p>\n<p><span style=\"font-family: 'Times New Roman', serif; font-size: 14pt;\">Il rischio che i cittadini marchigiani si ritrovino senza medico sulle ambulanze \u00e8 molto alto, cos\u00ec non solo \u00e8 potenzialmente compromessa l\u2019assistenza sanitaria avanzata sul territorio ma anche la funzionalit\u00e0 delle reti cliniche tempo dipendenti (ovvero la rete dell\u2019ictus, quella dell\u2019infarto miocardico, del trauma grave) perch\u00e9 senza medico sulle ambulanze non potranno essere realizzate.<\/span><\/p>\n<p><span style=\"font-family: 'Times New Roman', serif; font-size: 14pt;\">Non \u00e8 che l\u2019ASUR, ci chiediamo, cercando di mettere da parte i sindacati ed in particolare quello maggiormente rappresentativo dell&#8217;emergenza 118 convenzionata nella nostra Regione, ovvero lo SMI, e chiamando in causa i singoli medici a sottoscrivere \u201ccontratti con caratteristiche libero-professionali e deresponsabilizzanti l&#8217;ASUR sotto il profilo assicurativo\u201d sta andando verso la privatizzazione del sistema 118?<\/span><\/p>\n<p><span style=\"font-size: 14.0pt; line-height: 105%; font-family: 'Times New Roman',serif;\">Pi\u00f9 volte il Sindacato Medici Italiani ha lanciato l&#8217;allarme, anche nelle recenti audizioni in Commissione Sanit\u00e0, ma la Giunta Regionale risulta assente, incapace di dare una risposta adeguata non proponendo nulla per la riorganizzazione del servizio 118. in termini di efficienza e di efficacia.<\/span><\/p>\n<p><span style=\"font-size: 14.0pt; line-height: 105%; font-family: 'Times New Roman',serif;\">I medici del 118 sono stufi di un contratto della convenzione che non ha senso perch\u00e9 tipico della medicina generale ma inadatto per l&#8217;emergenza urgenza; sono stufi di essere presi in giro dai vari direttori di zona, nonch\u00e9 dai direttori generali ASUR che hanno perseguito esclusivamente in questi anni una politica di tagli alla sanit\u00e0 regionale magari incassando anche qualche premio per i tagli di budget operati ed i risultati sono sotto gli occhi di tutti&#8230;.<\/span><\/p>\n<p><span class=\"Carpredefinitoparagrafo1\"><span style=\"font-size: 14.0pt; line-height: 105%; font-family: 'Times New Roman',serif;\">Se la Regione Marche volesse \u201csalvare il medico che salva vite\u201d, volti pagina e dia inizio ad una nuova fase, quella del medico unico dell&#8217;emergenza urgenza e le Aree vaste dell\u2019ASUR cessino di proporre accordi ai singoli medici, perseguendo una condotta antisindacale inaccettabile e distruggendo il sistema di emergenza pubblico aprendo di fatto la strada alla privatizzazione dello stesso. <\/span><\/span><\/p>\n<p><span class=\"Carpredefinitoparagrafo1\"><span style=\"font-size: 14.0pt; line-height: 105%; font-family: 'Times New Roman',serif;\">I Medici 118 dicono NO ALLA PRIVATIZZAZIONE DEL SISTEMA DELL&#8217;EMERGENZA-118, DICONO NO AL SISTEMA DELLE COOPERATIVE e con noi siamo sicuri lo faranno i cittadini marchigiani che chiedono insieme a noi una sanit\u00e0 migliore che dia risposte concrete ai loro bisogni di salute in particolare nelle situazioni di emergenza urgenza sul territorio marchigiano.<\/span><\/span><\/p>\n<p><span class=\"Carpredefinitoparagrafo1\"><span style=\"font-size: 14.0pt; line-height: 105%; font-family: 'Times New Roman',serif;\">Lo SMI continua la sua battaglia a fianco dei Medici dell&#8217;Emergenza Urgenza per tutelare il loro lavoro e far\u00e0 di tutto affinch\u00e9 venga garantito a tutti nelle Marche un sistema di emergenza di qualit\u00e0, efficiente, uniforme su tutto il territorio Marchigiano che sappia rispondere prontamente ai bisogni di salute del cittadino che si trovi in condizioni di emergenza-urgenza.<\/span><\/span><\/p>\n<p><strong>L\u2019Ufficio Stampa SMI<\/strong><\/p>\n<p><!-- \/wp:paragraph --><\/p>\t\t\t\t\t\t<\/div>\n\t\t\t\t<\/div>\n\t\t\t\t\t<\/div>\n\t\t<\/div>\n\t\t\t\t\t<\/div>\n\t\t<\/section>\n\t\t\t\t<\/div>\n\t\t","protected":false},"excerpt":{"rendered":"<p>Comunicato Stampa: Nella Regione Marche continua la carenza endemica dei medici dell&#8217;emergenza territorialeI medici del [&hellip;]<\/p>\n","protected":false},"author":2,"featured_media":643,"comment_status":"closed","ping_status":"open","sticky":false,"template":"","format":"standard","meta":{"footnotes":""},"categories":[6,25,11],"tags":[33,31,38,39,37],"_links":{"self":[{"href":"https:\/\/sindacatomedicitaliani.it\/index.php\/wp-json\/wp\/v2\/posts\/2031"}],"collection":[{"href":"https:\/\/sindacatomedicitaliani.it\/index.php\/wp-json\/wp\/v2\/posts"}],"about":[{"href":"https:\/\/sindacatomedicitaliani.it\/index.php\/wp-json\/wp\/v2\/types\/post"}],"author":[{"embeddable":true,"href":"https:\/\/sindacatomedicitaliani.it\/index.php\/wp-json\/wp\/v2\/users\/2"}],"replies":[{"embeddable":true,"href":"https:\/\/sindacatomedicitaliani.it\/index.php\/wp-json\/wp\/v2\/comments?post=2031"}],"version-history":[{"count":4,"href":"https:\/\/sindacatomedicitaliani.it\/index.php\/wp-json\/wp\/v2\/posts\/2031\/revisions"}],"predecessor-version":[{"id":2035,"href":"https:\/\/sindacatomedicitaliani.it\/index.php\/wp-json\/wp\/v2\/posts\/2031\/revisions\/2035"}],"wp:featuredmedia":[{"embeddable":true,"href":"https:\/\/sindacatomedicitaliani.it\/index.php\/wp-json\/wp\/v2\/media\/643"}],"wp:attachment":[{"href":"https:\/\/sindacatomedicitaliani.it\/index.php\/wp-json\/wp\/v2\/media?parent=2031"}],"wp:term":[{"taxonomy":"category","embeddable":true,"href":"https:\/\/sindacatomedicitaliani.it\/index.php\/wp-json\/wp\/v2\/categories?post=2031"},{"taxonomy":"post_tag","embeddable":true,"href":"https:\/\/sindacatomedicitaliani.it\/index.php\/wp-json\/wp\/v2\/tags?post=2031"}],"curies":[{"name":"wp","href":"https:\/\/api.w.org\/{rel}","templated":true}]}}