{"id":2036,"date":"2019-10-08T18:03:47","date_gmt":"2019-10-08T16:03:47","guid":{"rendered":"http:\/\/sindacatomedicitaliani.it\/?p=2036"},"modified":"2019-10-08T18:06:09","modified_gmt":"2019-10-08T16:06:09","slug":"comunicato-stampa-venturi-si-dimetta","status":"publish","type":"post","link":"https:\/\/sindacatomedicitaliani.it\/index.php\/2019\/10\/08\/comunicato-stampa-venturi-si-dimetta\/","title":{"rendered":"Comunicato Stampa &#8211; Venturi si dimetta!"},"content":{"rendered":"\t\t<div data-elementor-type=\"wp-post\" data-elementor-id=\"2036\" class=\"elementor elementor-2036\">\n\t\t\t\t\t\t<section class=\"elementor-section elementor-top-section elementor-element elementor-element-548f498e elementor-section-boxed elementor-section-height-default elementor-section-height-default\" data-id=\"548f498e\" data-element_type=\"section\">\n\t\t\t\t\t\t<div class=\"elementor-container elementor-column-gap-default\">\n\t\t\t\t\t<div class=\"elementor-column elementor-col-100 elementor-top-column elementor-element elementor-element-46d278bd\" data-id=\"46d278bd\" data-element_type=\"column\">\n\t\t\t<div class=\"elementor-widget-wrap elementor-element-populated\">\n\t\t\t\t\t\t<div class=\"elementor-element elementor-element-7f2ad2a elementor-widget elementor-widget-text-editor\" data-id=\"7f2ad2a\" data-element_type=\"widget\" data-widget_type=\"text-editor.default\">\n\t\t\t\t<div class=\"elementor-widget-container\">\n\t\t\t\t\t\t\t<h5><strong>Comunicato Stampa:<br \/><\/strong><\/h5>\t\t\t\t\t\t<\/div>\n\t\t\t\t<\/div>\n\t\t\t\t<div class=\"elementor-element elementor-element-7ba59fc elementor-widget elementor-widget-text-editor\" data-id=\"7ba59fc\" data-element_type=\"widget\" data-widget_type=\"text-editor.default\">\n\t\t\t\t<div class=\"elementor-widget-container\">\n\t\t\t\t\t\t\t<h6><strong>\u201cSergio Venturi si dimetta! Non rappresenta la sanit\u00e0 e i medici\u201d<br \/><br \/><\/strong><strong>Dichiarazione di Pina Onotri<br \/><\/strong><strong>Segretario Generale del Sindacato Medici Italiani<\/strong><\/h6>\t\t\t\t\t\t<\/div>\n\t\t\t\t<\/div>\n\t\t\t\t<div class=\"elementor-element elementor-element-34923582 elementor-widget elementor-widget-text-editor\" data-id=\"34923582\" data-element_type=\"widget\" data-widget_type=\"text-editor.default\">\n\t\t\t\t<div class=\"elementor-widget-container\">\n\t\t\t\t\t\t\t<p><!-- wp:paragraph --><\/p>\n<p>Roma, 8 ott.- \u201cQuello che ha dichiarato Sergio Venturi, Presidente del Comitato di Settore Sanit\u00e0 della Conferenza delle Regioni, sulle funzioni dei medici \u00e8 offensivo per dignit\u00e0 della professione medica\u201d ha dichiarato Pina Onotri, Segretario Generale del Sindacato Medici Italiani, commentando le recenti dichiarazioni di Venturi.<br \/><span style=\"font-family: 'Open Sans', serif; font-size: 15px;\">\u201cQuasi come si volesse fomentare lo scontro tra medici e infermieri, mentre, invece, la Conferenza delle Regioni e la sua Commissione Sanit\u00e0 dovrebbero occuparsi, in questa fase, di dare un indirizzo certo al Governo sulla necessit\u00e0 di non tagliare le spese per la salute e allo stesso tempo di chiedere alle singole Regioni risorse certe per gli accordi regionali integrativi, nell\u2019ambito del rinnovo contrattuale dei medici e dei professionisti sanitari\u201d, continua il segretario dello SMI.<br \/><\/span><span style=\"font-family: 'Open Sans', serif; font-size: 15px;\">\u201cI medici nel nostro paese sono l\u2019ossatura del Servizio Sanitario Nazionale, sono quelle figure professionali, che dopo un lungo percorso formativo, si prendono in carico della salute dei cittadini, per questo non capiamo le ragioni di questo clima di delegittimazione messo in atto da Venturi\u201d.<br \/><\/span><span style=\"font-family: 'Open Sans', serif; font-size: 15px;\">\u201cN\u00e9 convincono sponsorizzazioni di questo o di quel segretario sindacale come futuro presidente della Fnomceo, in questo modo verrebbe meno la funzione istituzionale della Conferenza delle Regioni\u201d.<br \/><\/span><span style=\"font-family: 'Open Sans', serif; font-size: 15px;\">\u201cLo SMI dice basta a queste inspiegabili e dannose prese di posizione contro i medici, contro i professionisti sanitari e deleterie per la salute dei cittadini. Sergio Venturi si dimetta dal suo ruolo, non pu\u00f2 rappresentare la sanit\u00e0\u201d conclude Onotri.<\/span><\/p>\n<p><strong>L\u2019Ufficio Stampa SMI<\/strong><\/p>\n<p><!-- \/wp:paragraph --><\/p>\t\t\t\t\t\t<\/div>\n\t\t\t\t<\/div>\n\t\t\t\t\t<\/div>\n\t\t<\/div>\n\t\t\t\t\t<\/div>\n\t\t<\/section>\n\t\t\t\t<\/div>\n\t\t","protected":false},"excerpt":{"rendered":"<p>Comunicato Stampa: \u201cSergio Venturi si dimetta! Non rappresenta la sanit\u00e0 e i medici\u201d Dichiarazione di [&hellip;]<\/p>\n","protected":false},"author":2,"featured_media":643,"comment_status":"closed","ping_status":"open","sticky":false,"template":"","format":"standard","meta":{"footnotes":""},"categories":[6,25,11],"tags":[33,31,38,39,37],"_links":{"self":[{"href":"https:\/\/sindacatomedicitaliani.it\/index.php\/wp-json\/wp\/v2\/posts\/2036"}],"collection":[{"href":"https:\/\/sindacatomedicitaliani.it\/index.php\/wp-json\/wp\/v2\/posts"}],"about":[{"href":"https:\/\/sindacatomedicitaliani.it\/index.php\/wp-json\/wp\/v2\/types\/post"}],"author":[{"embeddable":true,"href":"https:\/\/sindacatomedicitaliani.it\/index.php\/wp-json\/wp\/v2\/users\/2"}],"replies":[{"embeddable":true,"href":"https:\/\/sindacatomedicitaliani.it\/index.php\/wp-json\/wp\/v2\/comments?post=2036"}],"version-history":[{"count":4,"href":"https:\/\/sindacatomedicitaliani.it\/index.php\/wp-json\/wp\/v2\/posts\/2036\/revisions"}],"predecessor-version":[{"id":2040,"href":"https:\/\/sindacatomedicitaliani.it\/index.php\/wp-json\/wp\/v2\/posts\/2036\/revisions\/2040"}],"wp:featuredmedia":[{"embeddable":true,"href":"https:\/\/sindacatomedicitaliani.it\/index.php\/wp-json\/wp\/v2\/media\/643"}],"wp:attachment":[{"href":"https:\/\/sindacatomedicitaliani.it\/index.php\/wp-json\/wp\/v2\/media?parent=2036"}],"wp:term":[{"taxonomy":"category","embeddable":true,"href":"https:\/\/sindacatomedicitaliani.it\/index.php\/wp-json\/wp\/v2\/categories?post=2036"},{"taxonomy":"post_tag","embeddable":true,"href":"https:\/\/sindacatomedicitaliani.it\/index.php\/wp-json\/wp\/v2\/tags?post=2036"}],"curies":[{"name":"wp","href":"https:\/\/api.w.org\/{rel}","templated":true}]}}