{"id":2069,"date":"2019-10-18T12:26:23","date_gmt":"2019-10-18T10:26:23","guid":{"rendered":"http:\/\/sindacatomedicitaliani.it\/?p=2069"},"modified":"2019-10-18T12:29:12","modified_gmt":"2019-10-18T10:29:12","slug":"comunicato-stampa-webinar-con-smi","status":"publish","type":"post","link":"https:\/\/sindacatomedicitaliani.it\/index.php\/2019\/10\/18\/comunicato-stampa-webinar-con-smi\/","title":{"rendered":"Comunicato Stampa &#8211; Webinar con SMI"},"content":{"rendered":"\t\t<div data-elementor-type=\"wp-post\" data-elementor-id=\"2069\" class=\"elementor elementor-2069\">\n\t\t\t\t\t\t<section class=\"elementor-section elementor-top-section elementor-element elementor-element-548f498e elementor-section-boxed elementor-section-height-default elementor-section-height-default\" data-id=\"548f498e\" data-element_type=\"section\">\n\t\t\t\t\t\t<div class=\"elementor-container elementor-column-gap-default\">\n\t\t\t\t\t<div class=\"elementor-column elementor-col-100 elementor-top-column elementor-element elementor-element-46d278bd\" data-id=\"46d278bd\" data-element_type=\"column\">\n\t\t\t<div class=\"elementor-widget-wrap elementor-element-populated\">\n\t\t\t\t\t\t<div class=\"elementor-element elementor-element-7f2ad2a elementor-widget elementor-widget-text-editor\" data-id=\"7f2ad2a\" data-element_type=\"widget\" data-widget_type=\"text-editor.default\">\n\t\t\t\t<div class=\"elementor-widget-container\">\n\t\t\t\t\t\t\t<h5><strong>Comunicato Stampa:<br \/><\/strong><\/h5>\t\t\t\t\t\t<\/div>\n\t\t\t\t<\/div>\n\t\t\t\t<div class=\"elementor-element elementor-element-7ba59fc elementor-widget elementor-widget-text-editor\" data-id=\"7ba59fc\" data-element_type=\"widget\" data-widget_type=\"text-editor.default\">\n\t\t\t\t<div class=\"elementor-widget-container\">\n\t\t\t\t\t\t\t<h6><strong>\u201cWebinar con lo SMI\u00a0<\/strong><strong>sul rischio professionale e le assicurazioni per i medici\u201d<br \/><br \/><\/strong><strong>Nota stampa del Sindacato Medici Italiani<\/strong><\/h6>\t\t\t\t\t\t<\/div>\n\t\t\t\t<\/div>\n\t\t\t\t<div class=\"elementor-element elementor-element-34923582 elementor-widget elementor-widget-text-editor\" data-id=\"34923582\" data-element_type=\"widget\" data-widget_type=\"text-editor.default\">\n\t\t\t\t<div class=\"elementor-widget-container\">\n\t\t\t\t\t\t\t<p><!-- wp:paragraph --><\/p>\n<p>Roma 18 ottobre- \u201cLo SMI con\u00a0\u00a0questa prima webinar intende offrire a tutti i medici del Paese (collegandosi al sito\u00a0<a href=\"http:\/\/www.sindacatomedicitaliani.it\/\" data-saferedirecturl=\"https:\/\/www.google.com\/url?q=http:\/\/www.sindacatomedicitaliani.it\/&amp;source=gmail&amp;ust=1571480630397000&amp;usg=AFQjCNHs0Za1VymRJMB9pclpZBT898apEg\">www.sindacatomedicitaliani.it<\/a>)\u00a0una possibilit\u00e0 di acquisizione di strumenti di conoscenza su questioni riguardanti l\u2019esercizio della professione\u201d si legge in una nota stampa del Sindacato Medici Italiani.<br \/>\u201cIn particolare si discuter\u00e0 il 22 ottobre 2019 alle 18.00 con\u00a0Franco Fontana, Tesoriere Nazionale SMI; Mario Iovane, Segretario Organizzativo Nazionale SMI; Massimo Riverso di<em>\u00a0Inpiu\u2019 Broker<\/em>, di cosa prevede la legge Gelli\u00a0dell\u20198 marzo 2017, n. 24 &#8211; Disposizioni in materia di sicurezza delle cure e della persona assistita, nonch\u00e9 in materia di responsabilit\u00e0 professionale degli esercenti le professioni sanitarie\u201d.\u00a0<br \/>\u201cLa legge mira a ridefinire un nuovo equilibrio nel rapporto medico-paziente permettendo ai professionisti di svolgere il loro lavoro con maggiore serenit\u00e0, grazie alle nuove norme in tema di responsabilit\u00e0 penale e civile, garantendo ai pazienti maggiore trasparenza e la possibilit\u00e0 di essere risarciti in tempi brevi e certi per gli eventuali danni subiti\u201d continua la nota.<br \/>\u201cSaranno illustrate nella webinar del prossimo 22 ottobre le diverse tipologie di assicurazioni, a partire dalla polizza professionale medici a copertura del danno, nel caso non auspicato che un medico riceva una richiesta di risarcimento danni, fino alle polizze per l\u2019intera attivit\u00e0 per medici abilitati e in formazione\u201d conclude la nota.\u00a0<\/p>\n<p><strong>L\u2019Ufficio Stampa SMI<\/strong><\/p>\n<p><!-- \/wp:paragraph --><\/p>\t\t\t\t\t\t<\/div>\n\t\t\t\t<\/div>\n\t\t\t\t\t<\/div>\n\t\t<\/div>\n\t\t\t\t\t<\/div>\n\t\t<\/section>\n\t\t\t\t<\/div>\n\t\t","protected":false},"excerpt":{"rendered":"<p>Comunicato Stampa: \u201cWebinar con lo SMI&nbsp;sul rischio professionale e le assicurazioni per i medici\u201d Nota [&hellip;]<\/p>\n","protected":false},"author":2,"featured_media":643,"comment_status":"closed","ping_status":"open","sticky":false,"template":"","format":"standard","meta":{"footnotes":""},"categories":[6,25,11],"tags":[33,31,38,39,37],"_links":{"self":[{"href":"https:\/\/sindacatomedicitaliani.it\/index.php\/wp-json\/wp\/v2\/posts\/2069"}],"collection":[{"href":"https:\/\/sindacatomedicitaliani.it\/index.php\/wp-json\/wp\/v2\/posts"}],"about":[{"href":"https:\/\/sindacatomedicitaliani.it\/index.php\/wp-json\/wp\/v2\/types\/post"}],"author":[{"embeddable":true,"href":"https:\/\/sindacatomedicitaliani.it\/index.php\/wp-json\/wp\/v2\/users\/2"}],"replies":[{"embeddable":true,"href":"https:\/\/sindacatomedicitaliani.it\/index.php\/wp-json\/wp\/v2\/comments?post=2069"}],"version-history":[{"count":3,"href":"https:\/\/sindacatomedicitaliani.it\/index.php\/wp-json\/wp\/v2\/posts\/2069\/revisions"}],"predecessor-version":[{"id":2072,"href":"https:\/\/sindacatomedicitaliani.it\/index.php\/wp-json\/wp\/v2\/posts\/2069\/revisions\/2072"}],"wp:featuredmedia":[{"embeddable":true,"href":"https:\/\/sindacatomedicitaliani.it\/index.php\/wp-json\/wp\/v2\/media\/643"}],"wp:attachment":[{"href":"https:\/\/sindacatomedicitaliani.it\/index.php\/wp-json\/wp\/v2\/media?parent=2069"}],"wp:term":[{"taxonomy":"category","embeddable":true,"href":"https:\/\/sindacatomedicitaliani.it\/index.php\/wp-json\/wp\/v2\/categories?post=2069"},{"taxonomy":"post_tag","embeddable":true,"href":"https:\/\/sindacatomedicitaliani.it\/index.php\/wp-json\/wp\/v2\/tags?post=2069"}],"curies":[{"name":"wp","href":"https:\/\/api.w.org\/{rel}","templated":true}]}}