{"id":3177,"date":"2020-04-21T11:36:44","date_gmt":"2020-04-21T09:36:44","guid":{"rendered":"http:\/\/sindacatomedicitaliani.it\/?p=3177"},"modified":"2020-04-21T11:38:56","modified_gmt":"2020-04-21T09:38:56","slug":"comunicato-stampa-assimefac-lettera-al-ministero-della-salute","status":"publish","type":"post","link":"https:\/\/sindacatomedicitaliani.it\/index.php\/2020\/04\/21\/comunicato-stampa-assimefac-lettera-al-ministero-della-salute\/","title":{"rendered":"Comunicato Stampa &#8211; ASSIMEFAC lettera al Ministero della Salute"},"content":{"rendered":"\t\t<div data-elementor-type=\"wp-post\" data-elementor-id=\"3177\" class=\"elementor elementor-3177\">\n\t\t\t\t\t\t<section class=\"elementor-section elementor-top-section elementor-element elementor-element-548f498e elementor-section-boxed elementor-section-height-default elementor-section-height-default\" data-id=\"548f498e\" data-element_type=\"section\">\n\t\t\t\t\t\t<div class=\"elementor-container elementor-column-gap-default\">\n\t\t\t\t\t<div class=\"elementor-column elementor-col-100 elementor-top-column elementor-element elementor-element-46d278bd\" data-id=\"46d278bd\" data-element_type=\"column\">\n\t\t\t<div class=\"elementor-widget-wrap elementor-element-populated\">\n\t\t\t\t\t\t<div class=\"elementor-element elementor-element-4e65d51 elementor-widget elementor-widget-image\" data-id=\"4e65d51\" data-element_type=\"widget\" data-widget_type=\"image.default\">\n\t\t\t\t<div class=\"elementor-widget-container\">\n\t\t\t\t\t\t\t\t\t\t\t\t\t<img decoding=\"async\" width=\"242\" height=\"132\" src=\"https:\/\/sindacatomedicitaliani.it\/wp-content\/uploads\/2020\/03\/Smi_Logo.jpg\" class=\"attachment-large size-large wp-image-2644\" alt=\"\" \/>\t\t\t\t\t\t\t\t\t\t\t\t\t<\/div>\n\t\t\t\t<\/div>\n\t\t\t\t<div class=\"elementor-element elementor-element-7f2ad2a elementor-widget elementor-widget-text-editor\" data-id=\"7f2ad2a\" data-element_type=\"widget\" data-widget_type=\"text-editor.default\">\n\t\t\t\t<div class=\"elementor-widget-container\">\n\t\t\t\t\t\t\t<h5><strong>Comunicato Stampa:<br \/><\/strong><\/h5>\t\t\t\t\t\t<\/div>\n\t\t\t\t<\/div>\n\t\t\t\t<div class=\"elementor-element elementor-element-7ba59fc elementor-widget elementor-widget-text-editor\" data-id=\"7ba59fc\" data-element_type=\"widget\" data-widget_type=\"text-editor.default\">\n\t\t\t\t<div class=\"elementor-widget-container\">\n\t\t\t\t\t\t\t<h6><strong>Coronavirus: <\/strong><strong>\u201cSi anticipi la prossima campagna vaccinale 2020\/21 anti \u2013 influenzale\u201d<br \/><br \/><\/strong><strong>Dichiarazione di\u00a0 Nunzia Pia Placentino<br \/><\/strong><strong>Presidente Nazionale di\u00a0 ASSIMEFAC<\/strong><\/h6>\t\t\t\t\t\t<\/div>\n\t\t\t\t<\/div>\n\t\t\t\t<div class=\"elementor-element elementor-element-34923582 elementor-widget elementor-widget-text-editor\" data-id=\"34923582\" data-element_type=\"widget\" data-widget_type=\"text-editor.default\">\n\t\t\t\t<div class=\"elementor-widget-container\">\n\t\t\t\t\t\t\t<p>Roma, 21 Aprile -. \u201cAbbiamo scritto al ministro Roberto Speranza per segnalare la necessit\u00e0 di assumere misure che prevedano l\u2019anticipo dell\u2019apertura della campagna vaccinale anti influenzale\u201d cos\u00ec una dichiarazione di Nunzia Pia Placentino, Presidente Nazionale di ASSIMEFAC, (Associazione Societ\u00e0 Scientifica Interdisciplinare e di Medicina di Famiglia e Comunit\u00e0), rende nota una lettera inviata al Ministro della Salute.<br \/>\u201cRiteniamo necessario anticipare la campagna anti influenzale perch\u00e9 altamente probabile, sulla scorta dei dati epidemiologici attualmente disponibili, che una, seppur attenuata, \u201ccoda lunga\u201d della pandemia da Covid19 possa protrarsi alle prossime stagioni autunno\/invernale\u201d continua Placentino.<br \/><span style=\"font-family: 'Open Sans', serif; font-size: 15px;\">\u201cTenuto che, nelle fasi iniziali di malattia da Covid19,\u00a0 la sintomatologia prevalente risulti essere: febbre, tosse e difficolt\u00e0 respiratorie, sintomi del tutto aspecifici ed inducenti, facilmente, in errore in una diagnosi differenziale empirica con una eventuale patologia influenzale, che il Ministero della Salute provveda all\u2019acquisizione e distribuzione, nei pi\u00f9 brevi tempi tecnici possibili, dei vaccini antiinfluenzali inerenti alla stagione 2020\/21 in modo da anticiparne la somministrazione\u201d.<br \/><\/span><span style=\"font-family: 'Open Sans', serif; font-size: 15px;\">\u201cBisogna prevedere, inoltre, una pi\u00f9 ampia platea vaccinale, rendendola, eventualmente, obbligatoria per le attuali fasce di popolazione gi\u00e0 destinatarie di tale intervento profilattico e consigliata per tutte le altre categorie di popolazione\u201d, conclude Pia Placentino.<\/span><\/p>\t\t\t\t\t\t<\/div>\n\t\t\t\t<\/div>\n\t\t\t\t\t<\/div>\n\t\t<\/div>\n\t\t\t\t\t<\/div>\n\t\t<\/section>\n\t\t\t\t<\/div>\n\t\t","protected":false},"excerpt":{"rendered":"<p>Comunicato Stampa: Coronavirus: \u201cSi anticipi la prossima campagna vaccinale 2020\/21 anti \u2013 influenzale\u201d Dichiarazione di&nbsp; [&hellip;]<\/p>\n","protected":false},"author":2,"featured_media":2912,"comment_status":"closed","ping_status":"open","sticky":false,"template":"","format":"standard","meta":{"footnotes":""},"categories":[6,25,11],"tags":[33,31,38,39,37],"_links":{"self":[{"href":"https:\/\/sindacatomedicitaliani.it\/index.php\/wp-json\/wp\/v2\/posts\/3177"}],"collection":[{"href":"https:\/\/sindacatomedicitaliani.it\/index.php\/wp-json\/wp\/v2\/posts"}],"about":[{"href":"https:\/\/sindacatomedicitaliani.it\/index.php\/wp-json\/wp\/v2\/types\/post"}],"author":[{"embeddable":true,"href":"https:\/\/sindacatomedicitaliani.it\/index.php\/wp-json\/wp\/v2\/users\/2"}],"replies":[{"embeddable":true,"href":"https:\/\/sindacatomedicitaliani.it\/index.php\/wp-json\/wp\/v2\/comments?post=3177"}],"version-history":[{"count":4,"href":"https:\/\/sindacatomedicitaliani.it\/index.php\/wp-json\/wp\/v2\/posts\/3177\/revisions"}],"predecessor-version":[{"id":3374,"href":"https:\/\/sindacatomedicitaliani.it\/index.php\/wp-json\/wp\/v2\/posts\/3177\/revisions\/3374"}],"wp:featuredmedia":[{"embeddable":true,"href":"https:\/\/sindacatomedicitaliani.it\/index.php\/wp-json\/wp\/v2\/media\/2912"}],"wp:attachment":[{"href":"https:\/\/sindacatomedicitaliani.it\/index.php\/wp-json\/wp\/v2\/media?parent=3177"}],"wp:term":[{"taxonomy":"category","embeddable":true,"href":"https:\/\/sindacatomedicitaliani.it\/index.php\/wp-json\/wp\/v2\/categories?post=3177"},{"taxonomy":"post_tag","embeddable":true,"href":"https:\/\/sindacatomedicitaliani.it\/index.php\/wp-json\/wp\/v2\/tags?post=3177"}],"curies":[{"name":"wp","href":"https:\/\/api.w.org\/{rel}","templated":true}]}}