{"id":3587,"date":"2020-07-06T11:23:14","date_gmt":"2020-07-06T09:23:14","guid":{"rendered":"http:\/\/sindacatomedicitaliani.it\/?p=3587"},"modified":"2020-07-06T11:25:10","modified_gmt":"2020-07-06T09:25:10","slug":"comunicato-stampa-si-valorizzino-i-medici-del-territorio-lettera-smi-puglia","status":"publish","type":"post","link":"https:\/\/sindacatomedicitaliani.it\/index.php\/2020\/07\/06\/comunicato-stampa-si-valorizzino-i-medici-del-territorio-lettera-smi-puglia\/","title":{"rendered":"Comunicato Stampa &#8211; Si valorizzino i medici del territorio, lettera SMI Puglia"},"content":{"rendered":"\t\t<div data-elementor-type=\"wp-post\" data-elementor-id=\"3587\" class=\"elementor elementor-3587\">\n\t\t\t\t\t\t<section class=\"elementor-section elementor-top-section elementor-element elementor-element-548f498e elementor-section-boxed elementor-section-height-default elementor-section-height-default\" data-id=\"548f498e\" data-element_type=\"section\">\n\t\t\t\t\t\t<div class=\"elementor-container elementor-column-gap-default\">\n\t\t\t\t\t<div class=\"elementor-column elementor-col-100 elementor-top-column elementor-element elementor-element-46d278bd\" data-id=\"46d278bd\" data-element_type=\"column\">\n\t\t\t<div class=\"elementor-widget-wrap elementor-element-populated\">\n\t\t\t\t\t\t<div class=\"elementor-element elementor-element-4e65d51 elementor-widget elementor-widget-image\" data-id=\"4e65d51\" data-element_type=\"widget\" data-widget_type=\"image.default\">\n\t\t\t\t<div class=\"elementor-widget-container\">\n\t\t\t\t\t\t\t\t\t\t\t\t\t<img decoding=\"async\" width=\"242\" height=\"132\" src=\"https:\/\/sindacatomedicitaliani.it\/wp-content\/uploads\/2020\/03\/Smi_Logo.jpg\" class=\"attachment-large size-large wp-image-2644\" alt=\"\" \/>\t\t\t\t\t\t\t\t\t\t\t\t\t<\/div>\n\t\t\t\t<\/div>\n\t\t\t\t<div class=\"elementor-element elementor-element-7f2ad2a elementor-widget elementor-widget-text-editor\" data-id=\"7f2ad2a\" data-element_type=\"widget\" data-widget_type=\"text-editor.default\">\n\t\t\t\t<div class=\"elementor-widget-container\">\n\t\t\t\t\t\t\t<h5><strong>Comunicato Stampa:<br \/><\/strong><\/h5>\t\t\t\t\t\t<\/div>\n\t\t\t\t<\/div>\n\t\t\t\t<div class=\"elementor-element elementor-element-7ba59fc elementor-widget elementor-widget-text-editor\" data-id=\"7ba59fc\" data-element_type=\"widget\" data-widget_type=\"text-editor.default\">\n\t\t\t\t<div class=\"elementor-widget-container\">\n\t\t\t\t\t\t\t<h6><strong>Lettera Aperta:\u00a0<\/strong><strong>\u201cSi valorizzino i medici del territorio\u201d<br \/><br \/><\/strong><strong>di Francesco Pazienza<br \/><\/strong><strong>Segretario Regionale SMI Puglia<\/strong><\/h6>\t\t\t\t\t\t<\/div>\n\t\t\t\t<\/div>\n\t\t\t\t<div class=\"elementor-element elementor-element-34923582 elementor-widget elementor-widget-text-editor\" data-id=\"34923582\" data-element_type=\"widget\" data-widget_type=\"text-editor.default\">\n\t\t\t\t<div class=\"elementor-widget-container\">\n\t\t\t\t\t\t\t<p>Bari, 6 luglio &#8211; Una lettera aperta inviata dal segretario regionale della Puglia, Francesco Pazienza, del Sindacato Medici Italiani a tutte le istituzioni politiche locali, ai direttori generali delle Asl provinciali e alla Fimmg e Snami per chiedere che venga valorizzata la figura dei medici sul territorio.<br \/>\u201cPreso atto del comunicato stampa della ASL di Foggia n\u00b0 53\/2020 sull\u2019Assistenza Domiciliare Integrata ci vengono in mente alcune inevitabili riflessioni\u201d dichiara Francesco Pazienza, segretario regionale SMI Puglia.<br \/>\u201cDa sempre il sindacato che rappresento, il Sindacato Medici Italiani, auspica la riorganizzazione e il potenziamento della sanit\u00e0 territoriale. Non possiamo, quindi, non essere d\u2019accordo rispetto a tutte le iniziative che vanno in tale direzione; ci\u00f2 anche in considerazione della recente esperienza legata alla pandemia Covid che ha mostrato la necessit\u00e0 di una sanit\u00e0 territoriale forte e organizzata. Un territorio strutturato per dare risposte di salute e per evitare, cos\u00ec, che la struttura Ospedaliera si trovi a fronteggiare da sola una eventuale fase di emergenza con l\u2019effetto valanga che abbiamo vissuto nella recente pandemia\u201d.<br \/>\u201cNotiamo, dalle dichiarazioni sui media, la convergenza del mondo scientifico, degli esperti del settore sanitario e della informazione circa il ruolo fondamentale della medicina di famiglia, dei medici ed operatori sanitari che lavorano sul territorio e la netta censura, a parole, del cosiddetto modello lombardo (deriva privatistica, visione ragionieristica della sanit\u00e0 e ridimensionamento della sanit\u00e0 territoriale).\u00a0<br \/>A parole perch\u00e9, secondo noi e speriamo di sbagliarci, molte regioni, tra cui certamente la Puglia, contrarie al modello lombardo poi lo ripropongono nei fatti.<br \/>Il progetto regionale H-Casa \u00e8 un esempio in cui il territorio attraverso l\u2019uso di piattaforme riduce il professionista che vi opera al ruolo di operatore di call center e di mini C.U.P (centro unico di prenotazione). Anche nel comunicato sopra citato leggiamo tale impostazione!<br \/>Speriamo di sbagliare ma l\u2019impressione \u00e8 questa. L\u2019offerta tecnologica quale la telemedicina, monitoraggio in remoto e piattaforme sono strumenti certamente utili al lavoro del medico ma non potranno mai sostituire la clinica e la relazione medico-paziente.<br \/>Immaginare una sanit\u00e0 fondata sul rapporto paziente\/dr. Google o l\u2019ambulatorio medico quasi come un punto bancomat significa immaginare una sanit\u00e0 territoriale disumana che ci spaventa come medici e ci terrorizza come cittadini!<br \/>\u201cL\u2019invito \u00e8 dunque di concordare con i medici che operano sul territorio, non di \u201cincontrare\u201d i medici come si dice nel comunicato.<br \/>La sanit\u00e0 deve continuare a muoversi, come prevede la L. 833\/78 e la L. 502\/92, su due direttrici: ospedale e territorio e quest\u2019ultimo va potenziato certamente con l\u2019ausilio della tecnologia ma valorizzando le figure dei medici di famiglia e dei medici che operano sul territorio insieme agli infermieri e ai collaboratori di studio, come dimostrano quelle realt\u00e0 ove tale modello, per iniziativa dei medici, \u00e8 gi\u00e0 operante\u201d conclude Pazienza.<\/p><p><strong>Ufficio Stampa SMI<\/strong>\u00a0<\/p>\t\t\t\t\t\t<\/div>\n\t\t\t\t<\/div>\n\t\t\t\t\t<\/div>\n\t\t<\/div>\n\t\t\t\t\t<\/div>\n\t\t<\/section>\n\t\t\t\t<\/div>\n\t\t","protected":false},"excerpt":{"rendered":"<p>Comunicato Stampa: Lettera Aperta:&nbsp;\u201cSi valorizzino i medici del territorio\u201d di Francesco Pazienza Segretario Regionale SMI [&hellip;]<\/p>\n","protected":false},"author":2,"featured_media":2912,"comment_status":"closed","ping_status":"open","sticky":false,"template":"","format":"standard","meta":{"footnotes":""},"categories":[6,25,11],"tags":[33,31,38,39,37],"_links":{"self":[{"href":"https:\/\/sindacatomedicitaliani.it\/index.php\/wp-json\/wp\/v2\/posts\/3587"}],"collection":[{"href":"https:\/\/sindacatomedicitaliani.it\/index.php\/wp-json\/wp\/v2\/posts"}],"about":[{"href":"https:\/\/sindacatomedicitaliani.it\/index.php\/wp-json\/wp\/v2\/types\/post"}],"author":[{"embeddable":true,"href":"https:\/\/sindacatomedicitaliani.it\/index.php\/wp-json\/wp\/v2\/users\/2"}],"replies":[{"embeddable":true,"href":"https:\/\/sindacatomedicitaliani.it\/index.php\/wp-json\/wp\/v2\/comments?post=3587"}],"version-history":[{"count":3,"href":"https:\/\/sindacatomedicitaliani.it\/index.php\/wp-json\/wp\/v2\/posts\/3587\/revisions"}],"predecessor-version":[{"id":3590,"href":"https:\/\/sindacatomedicitaliani.it\/index.php\/wp-json\/wp\/v2\/posts\/3587\/revisions\/3590"}],"wp:featuredmedia":[{"embeddable":true,"href":"https:\/\/sindacatomedicitaliani.it\/index.php\/wp-json\/wp\/v2\/media\/2912"}],"wp:attachment":[{"href":"https:\/\/sindacatomedicitaliani.it\/index.php\/wp-json\/wp\/v2\/media?parent=3587"}],"wp:term":[{"taxonomy":"category","embeddable":true,"href":"https:\/\/sindacatomedicitaliani.it\/index.php\/wp-json\/wp\/v2\/categories?post=3587"},{"taxonomy":"post_tag","embeddable":true,"href":"https:\/\/sindacatomedicitaliani.it\/index.php\/wp-json\/wp\/v2\/tags?post=3587"}],"curies":[{"name":"wp","href":"https:\/\/api.w.org\/{rel}","templated":true}]}}