{"id":3600,"date":"2020-07-08T10:24:56","date_gmt":"2020-07-08T08:24:56","guid":{"rendered":"http:\/\/sindacatomedicitaliani.it\/?p=3600"},"modified":"2020-07-08T13:03:38","modified_gmt":"2020-07-08T11:03:38","slug":"comunicato-stampa-accordo-federfarma-smi-toscana","status":"publish","type":"post","link":"https:\/\/sindacatomedicitaliani.it\/index.php\/2020\/07\/08\/comunicato-stampa-accordo-federfarma-smi-toscana\/","title":{"rendered":"Comunicato Stampa &#8211; accordo federfarma &#8211; SMI Toscana"},"content":{"rendered":"\t\t<div data-elementor-type=\"wp-post\" data-elementor-id=\"3600\" class=\"elementor elementor-3600\">\n\t\t\t\t\t\t<section class=\"elementor-section elementor-top-section elementor-element elementor-element-548f498e elementor-section-boxed elementor-section-height-default elementor-section-height-default\" data-id=\"548f498e\" data-element_type=\"section\">\n\t\t\t\t\t\t<div class=\"elementor-container elementor-column-gap-default\">\n\t\t\t\t\t<div class=\"elementor-column elementor-col-100 elementor-top-column elementor-element elementor-element-46d278bd\" data-id=\"46d278bd\" data-element_type=\"column\">\n\t\t\t<div class=\"elementor-widget-wrap elementor-element-populated\">\n\t\t\t\t\t\t<div class=\"elementor-element elementor-element-4e65d51 elementor-widget elementor-widget-image\" data-id=\"4e65d51\" data-element_type=\"widget\" data-widget_type=\"image.default\">\n\t\t\t\t<div class=\"elementor-widget-container\">\n\t\t\t\t\t\t\t\t\t\t\t\t\t<img decoding=\"async\" width=\"242\" height=\"132\" src=\"https:\/\/sindacatomedicitaliani.it\/wp-content\/uploads\/2020\/03\/Smi_Logo.jpg\" class=\"attachment-large size-large wp-image-2644\" alt=\"\" \/>\t\t\t\t\t\t\t\t\t\t\t\t\t<\/div>\n\t\t\t\t<\/div>\n\t\t\t\t<div class=\"elementor-element elementor-element-7f2ad2a elementor-widget elementor-widget-text-editor\" data-id=\"7f2ad2a\" data-element_type=\"widget\" data-widget_type=\"text-editor.default\">\n\t\t\t\t<div class=\"elementor-widget-container\">\n\t\t\t\t\t\t\t<h5><strong>Comunicato Stampa:<br \/><\/strong><\/h5>\t\t\t\t\t\t<\/div>\n\t\t\t\t<\/div>\n\t\t\t\t<div class=\"elementor-element elementor-element-7ba59fc elementor-widget elementor-widget-text-editor\" data-id=\"7ba59fc\" data-element_type=\"widget\" data-widget_type=\"text-editor.default\">\n\t\t\t\t<div class=\"elementor-widget-container\">\n\t\t\t\t\t\t\t<h6><strong>\u201cL\u2019accordo con Federfarma per la gestione, da parte dei farmacisti, dei servizi ai pazienti cronici \u00e8 sbagliato!\u201d<br \/><\/strong><\/h6><h6><strong>Dichiarazione di Nicola Marini<br \/><\/strong><strong>Segretario Regionale SMI Toscana<\/strong><\/h6>\t\t\t\t\t\t<\/div>\n\t\t\t\t<\/div>\n\t\t\t\t<div class=\"elementor-element elementor-element-34923582 elementor-widget elementor-widget-text-editor\" data-id=\"34923582\" data-element_type=\"widget\" data-widget_type=\"text-editor.default\">\n\t\t\t\t<div class=\"elementor-widget-container\">\n\t\t\t\t\t\t\t<p>Firenze, 8 luglio \u201cApprendiamo dal sito di Federfarma che la Giunta regionale toscana ha deliberato uno schema di accordo sperimentale e su base volontaria con Federfarma stessa per la gestione, da parte dei farmacisti, dei servizi ai pazienti cronici, agli anziani fragili e affetti di bpco (broncopneumopatia cronica ostruttiva).L\u2019accordo prevederebbe la presa in carico di tali pazienti con relativo monitoraggio terapeutico in collaborazione coi medici di famiglia e gli specialisti per l&#8217;aumento dell&#8217;aderenza terapeutica, con la presa in carico di esami diagnostici e la assistenza domiciliare in collaborazione con infermieri e caregiver&#8221; e con l&#8217;utilizzo della telemedicina per consentire la possibilit\u00e0 di completare i percorsi di diagnosi e cura\u201d dichiara Nicola Marini, segretario regionale del SMI Toscana.<br \/>\u201cIl Sindacato Medici Italiani della Toscana \u00e8 pienamente consapevole della lodevole intenzione della Regione di affrontare il grave tema della cronicit\u00e0 esploso in tutta la sua criticit\u00e0 nel periodo pi\u00f9 acuto della pandemia, ma ritiene questo accordo completamente sbagliato nel metodo e nel merito, nei termini usati e nei fatti di conseguenza espressi\u201d.<br \/>\u201cLa nostra contrariet\u00e0 \u00e8 dovuta al fatto che la presa in carico dei pazienti \u00e8 un atto di competenza esclusiva del medico in quanto riguarda modalit\u00e0 di intervento diagnostico-terapeutico inquadrato in modo preciso dal Codice Deontologico, dalle leggi e dalla prassi\u201d.<br \/>\u201cLa telemedicina \u00e8 legata al rapporto medico-paziente in quanto in grado di fornire in particolari casi di necessit\u00e0, come nella pandemia da Covid19, prestazioni sanitarie a distanza, utilizzando l&#8217;evoluzione tecnologica. Questa, tuttavia, non deve mai sostituire integralmente la clinica fatta di esame obbiettivo e rapporto diretto, col paziente &#8220;in presenza\u201d, ancor pi\u00f9 necessario con i malati cronici e gli anziani in condizioni di fragilit\u00e0 che in molti casi non sono ancora in grado di utilizzare correttamente le metodiche di comunicazione, anche per la mancanza di un set tecnologico minimo atto a garantire l&#8217;effettive realizzazione di una visita a distanza\u201d.<br \/>\u201cGestione del rischio clinico, responsabilit\u00e0 sanitaria, trattamento dei dati sono i tre elementi che impongono alla Regione Toscana di deliberare scelte di \u00a0soluzioni operative dentro un quadro definito di una normativa per la telemedicina che offra garanzie reali di proporzionalit\u00e0, appropriatezza, efficacia e sicurezza nel rispetto dei diritti della persona, come stabilito dall&#8217;art.78 del Codice Deontologico professionale, tanto pi\u00f9 indispensabile per la mancanza di una normativa nazionale di riferimento\u201d.<br \/>\u201cTutto questo non \u00e8 stato fatto, dalla Regione Toscana, neanche per la professione medica ma si \u00e8 preferita la fuga in avanti con la telemedicina del farmacista, con prerogative pesanti ed al di fuori della loro valida ma specifica competenza professionale, con le stesse criticit\u00e0 tecniche e con evidenti responsabilit\u00e0 legali e professionali\u201d.<br \/>\u201cLo SMI Toscana chiede, su questo punto, che la Regione normi al pi\u00f9 presto modalit\u00e0, limiti ed articolazioni operative per rendere applicabili in sicurezza, per i medici, per tutte le professioni sanitarie e per i cittadini questa innovazione tecnologica, prevista dalla risoluzione Commissione UE 689\/2008, seguendo le linee di indirizzo indicate dal Consiglio Superiore di Sanit\u00e0 del 10 Luglio 2012.<br \/>\u201cNel merito della gestione della cronicit\u00e0 che costituisce la vera sfida del nostro Sistema Sanitario, lo SMI Toscana propone alla Regione di dare finalmente applicazione al Piano Nazionale della Cronicit\u00e0, approvato da anni, promuovendo in ogni azienda, in modo omogeneo, team multiprofessionali inclusivi di tutte le figure professionali sanitarie ed operative presenti nel Piano, inclusi ovviamente i farmacisti, ma coordinati e controllati dal medico di famiglia,vero perno del sistema della medicina di prossimit\u00e0, garanzia di un&#8217;ottimale continuit\u00e0 delle cure per la perfetta conoscenza del proprio paziente e le precise norme che ne riconoscono la piena responsabilit\u00e0 di assistenza e cura.<br \/>Per SMI Toscana la forma \u00e8 garanzia di sostanza. Si devono quindi rovesciare i termini: sono le altre figure che devono collaborare con il MMG, non il contrario!<br \/>La telemedicina deve essere riservata ai Medici di Medicina Generale ed ai Pediatri di libera scelta; per tutti gli altri, farmacisti inclusi,si deve parlare correttamente di trasmissione telematica dei dati, utilizzando una piattaforma informatica esclusivamente pubblica con garanzia della privacy e nel pi\u00f9 rigoroso rispetto del segreto professionale.<br \/>Per queste motivazioni il Sindacato dei Medici Italiani chiede alla Regione Toscana una revisione radicale dell&#8217;accordo prima della sottoscrizione definitiva,nei suoi termini e nelle sue modalit\u00e0 attuative.<br \/>SMI Toscana auspica, infine che, in futuro, decisioni di questa natura che coinvolgono aspetti deontologici e realt\u00e0 assistenziali complesse vengano condivise, in tutte le singole fasi, con le rappresentanze istituzionali dei medici che lavorano sul campo\u201d conclude Marini.<\/p><p><strong>Ufficio Stampa SMI<\/strong>\u00a0<\/p>\t\t\t\t\t\t<\/div>\n\t\t\t\t<\/div>\n\t\t\t\t\t<\/div>\n\t\t<\/div>\n\t\t\t\t\t<\/div>\n\t\t<\/section>\n\t\t\t\t<\/div>\n\t\t","protected":false},"excerpt":{"rendered":"<p>Comunicato Stampa: \u201cL\u2019accordo con Federfarma per la gestione, da parte dei farmacisti, dei servizi ai [&hellip;]<\/p>\n","protected":false},"author":2,"featured_media":2912,"comment_status":"closed","ping_status":"open","sticky":false,"template":"","format":"standard","meta":{"footnotes":""},"categories":[6,25,11],"tags":[33,31,38,39,37],"_links":{"self":[{"href":"https:\/\/sindacatomedicitaliani.it\/index.php\/wp-json\/wp\/v2\/posts\/3600"}],"collection":[{"href":"https:\/\/sindacatomedicitaliani.it\/index.php\/wp-json\/wp\/v2\/posts"}],"about":[{"href":"https:\/\/sindacatomedicitaliani.it\/index.php\/wp-json\/wp\/v2\/types\/post"}],"author":[{"embeddable":true,"href":"https:\/\/sindacatomedicitaliani.it\/index.php\/wp-json\/wp\/v2\/users\/2"}],"replies":[{"embeddable":true,"href":"https:\/\/sindacatomedicitaliani.it\/index.php\/wp-json\/wp\/v2\/comments?post=3600"}],"version-history":[{"count":5,"href":"https:\/\/sindacatomedicitaliani.it\/index.php\/wp-json\/wp\/v2\/posts\/3600\/revisions"}],"predecessor-version":[{"id":3605,"href":"https:\/\/sindacatomedicitaliani.it\/index.php\/wp-json\/wp\/v2\/posts\/3600\/revisions\/3605"}],"wp:featuredmedia":[{"embeddable":true,"href":"https:\/\/sindacatomedicitaliani.it\/index.php\/wp-json\/wp\/v2\/media\/2912"}],"wp:attachment":[{"href":"https:\/\/sindacatomedicitaliani.it\/index.php\/wp-json\/wp\/v2\/media?parent=3600"}],"wp:term":[{"taxonomy":"category","embeddable":true,"href":"https:\/\/sindacatomedicitaliani.it\/index.php\/wp-json\/wp\/v2\/categories?post=3600"},{"taxonomy":"post_tag","embeddable":true,"href":"https:\/\/sindacatomedicitaliani.it\/index.php\/wp-json\/wp\/v2\/tags?post=3600"}],"curies":[{"name":"wp","href":"https:\/\/api.w.org\/{rel}","templated":true}]}}