{"id":3614,"date":"2020-07-14T10:51:43","date_gmt":"2020-07-14T08:51:43","guid":{"rendered":"http:\/\/sindacatomedicitaliani.it\/?p=3614"},"modified":"2020-07-14T10:54:45","modified_gmt":"2020-07-14T08:54:45","slug":"comunicato-stampa-covid-19-smi-sostiene-progetto-italia-cile","status":"publish","type":"post","link":"https:\/\/sindacatomedicitaliani.it\/index.php\/2020\/07\/14\/comunicato-stampa-covid-19-smi-sostiene-progetto-italia-cile\/","title":{"rendered":"Comunicato Stampa &#8211; Covid-19: SMI sostiene progetto Italia-Cile"},"content":{"rendered":"\t\t<div data-elementor-type=\"wp-post\" data-elementor-id=\"3614\" class=\"elementor elementor-3614\">\n\t\t\t\t\t\t<section class=\"elementor-section elementor-top-section elementor-element elementor-element-548f498e elementor-section-boxed elementor-section-height-default elementor-section-height-default\" data-id=\"548f498e\" data-element_type=\"section\">\n\t\t\t\t\t\t<div class=\"elementor-container elementor-column-gap-default\">\n\t\t\t\t\t<div class=\"elementor-column elementor-col-100 elementor-top-column elementor-element elementor-element-46d278bd\" data-id=\"46d278bd\" data-element_type=\"column\">\n\t\t\t<div class=\"elementor-widget-wrap elementor-element-populated\">\n\t\t\t\t\t\t<div class=\"elementor-element elementor-element-4e65d51 elementor-widget elementor-widget-image\" data-id=\"4e65d51\" data-element_type=\"widget\" data-widget_type=\"image.default\">\n\t\t\t\t<div class=\"elementor-widget-container\">\n\t\t\t\t\t\t\t\t\t\t\t\t\t<img decoding=\"async\" width=\"242\" height=\"132\" src=\"https:\/\/sindacatomedicitaliani.it\/wp-content\/uploads\/2020\/03\/Smi_Logo.jpg\" class=\"attachment-large size-large wp-image-2644\" alt=\"\" \/>\t\t\t\t\t\t\t\t\t\t\t\t\t<\/div>\n\t\t\t\t<\/div>\n\t\t\t\t<div class=\"elementor-element elementor-element-7f2ad2a elementor-widget elementor-widget-text-editor\" data-id=\"7f2ad2a\" data-element_type=\"widget\" data-widget_type=\"text-editor.default\">\n\t\t\t\t<div class=\"elementor-widget-container\">\n\t\t\t\t\t\t\t<h5><strong>Comunicato Stampa:<br \/><\/strong><\/h5>\t\t\t\t\t\t<\/div>\n\t\t\t\t<\/div>\n\t\t\t\t<div class=\"elementor-element elementor-element-7ba59fc elementor-widget elementor-widget-text-editor\" data-id=\"7ba59fc\" data-element_type=\"widget\" data-widget_type=\"text-editor.default\">\n\t\t\t\t<div class=\"elementor-widget-container\">\n\t\t\t\t\t\t\t<h6><strong>Covid-19: parte un progetto di solidariet\u00e0 tra Italia e Cile<\/strong><\/h6><h6><strong>Pieno sostegno del Sindacato Medici Italiani<\/strong><\/h6><h6><strong>Nota della Segreteria Nazionale SMI<\/strong><\/h6>\t\t\t\t\t\t<\/div>\n\t\t\t\t<\/div>\n\t\t\t\t<div class=\"elementor-element elementor-element-34923582 elementor-widget elementor-widget-text-editor\" data-id=\"34923582\" data-element_type=\"widget\" data-widget_type=\"text-editor.default\">\n\t\t\t\t<div class=\"elementor-widget-container\">\n\t\t\t\t\t\t\t<p>Roma, 14 luglio &#8211; \u201cAderiamo convintamente, invitando tutti i nostri iscritti e tutti i medici italiani a sostenere il progetto umanitario \u201cItalia con il Cile contro il Covid-19\u201d, cos\u00ec una nota della segreteria nazionale SMI rende pubblico il progetto umanitario che si sta avviando tra Cile e Italia contro la pandemia di Covid -19.<br \/>\u201cL\u2018iniziativa nasce a seguito della richiesta di personale medico e di attrezzature contro Covid-19 all&#8217;Ambasciata italiana in Cile da parte del Rettore dell&#8217;Universit\u00e0 del Cile, Ennio Vivaldi. L&#8217;obiettivo \u00e8 mettere a disposizione della Fondazione dell&#8217;Ospedale Clinico dell&#8217;Universit\u00e0 del Cile e della Rete sanitaria cilena importanti risorse di contrasto al virus\u201d.<br \/>\u201cIn particolare si richiede l\u2019impiego di medici di terapia intensiva ed infermieri specializzati in Covid-19 per 3 settimane a partire da luglio 2020. Il personale italiano che si recher\u00e0 sul posto verr\u00e0 trasferito con un volo a carico della Repubblica del Cile e avr\u00e0 un indennizzo per la missione.\u00a0 Il progetto di solidariet\u00e0 punta anche all\u2019acquisto di alcune decine di respiratori meccanici per i reparti di terapia intensiva\u201d.<br \/>\u201cIl Ministero degli Affari Esteri italiano sostiene il progetto; l\u2019Ambasciata Italiana in Cile e l\u2019Ambasciatore Mauro Battocchi hanno individuato due societ\u00e0 cilene, con capitale italiano, l\u2019AFP PlanVital (Generali) e la Costanera Norte Atlantia, che saranno in grado di sponsorizzare l\u2019iniziativa\u201d fa sapere SMI.<br \/>\u201cLa Fondazione dell&#8217;Ospedale Clinico dell&#8217;Universit\u00e0 del Cile raccoglier\u00e0 i fondi dagli sponsor privati e li trasferir\u00e0 ai fornitori in Italia sulla base di un accordo con gli ospedali italiani che invieranno loro medici. L\u2019iniziativa di sostegno del Sindacato Medici Italiani \u00e8 stata sollecitata da alcuni suoi iscritti\u201d, conclude la nota.<br \/><br \/>In allegato <a href=\"http:\/\/www.sindacatomedicitaliani.it\/webdocs\/Progetto_ItaliaconCile_Covid.pdf\">QUI<\/a> la scheda tecnica del progetto e i riferimenti per il sostegno all\u2019iniziativa.<\/p><p><strong>Ufficio Stampa SMI<\/strong>\u00a0<\/p>\t\t\t\t\t\t<\/div>\n\t\t\t\t<\/div>\n\t\t\t\t\t<\/div>\n\t\t<\/div>\n\t\t\t\t\t<\/div>\n\t\t<\/section>\n\t\t\t\t<\/div>\n\t\t","protected":false},"excerpt":{"rendered":"<p>Comunicato Stampa: Covid-19: parte un progetto di solidariet\u00e0 tra Italia e Cile Pieno sostegno del [&hellip;]<\/p>\n","protected":false},"author":4,"featured_media":2912,"comment_status":"closed","ping_status":"open","sticky":false,"template":"","format":"standard","meta":{"footnotes":""},"categories":[6,25,11],"tags":[33,31,38,39,37],"_links":{"self":[{"href":"https:\/\/sindacatomedicitaliani.it\/index.php\/wp-json\/wp\/v2\/posts\/3614"}],"collection":[{"href":"https:\/\/sindacatomedicitaliani.it\/index.php\/wp-json\/wp\/v2\/posts"}],"about":[{"href":"https:\/\/sindacatomedicitaliani.it\/index.php\/wp-json\/wp\/v2\/types\/post"}],"author":[{"embeddable":true,"href":"https:\/\/sindacatomedicitaliani.it\/index.php\/wp-json\/wp\/v2\/users\/4"}],"replies":[{"embeddable":true,"href":"https:\/\/sindacatomedicitaliani.it\/index.php\/wp-json\/wp\/v2\/comments?post=3614"}],"version-history":[{"count":4,"href":"https:\/\/sindacatomedicitaliani.it\/index.php\/wp-json\/wp\/v2\/posts\/3614\/revisions"}],"predecessor-version":[{"id":3618,"href":"https:\/\/sindacatomedicitaliani.it\/index.php\/wp-json\/wp\/v2\/posts\/3614\/revisions\/3618"}],"wp:featuredmedia":[{"embeddable":true,"href":"https:\/\/sindacatomedicitaliani.it\/index.php\/wp-json\/wp\/v2\/media\/2912"}],"wp:attachment":[{"href":"https:\/\/sindacatomedicitaliani.it\/index.php\/wp-json\/wp\/v2\/media?parent=3614"}],"wp:term":[{"taxonomy":"category","embeddable":true,"href":"https:\/\/sindacatomedicitaliani.it\/index.php\/wp-json\/wp\/v2\/categories?post=3614"},{"taxonomy":"post_tag","embeddable":true,"href":"https:\/\/sindacatomedicitaliani.it\/index.php\/wp-json\/wp\/v2\/tags?post=3614"}],"curies":[{"name":"wp","href":"https:\/\/api.w.org\/{rel}","templated":true}]}}