{"id":3685,"date":"2020-08-10T16:48:18","date_gmt":"2020-08-10T14:48:18","guid":{"rendered":"http:\/\/sindacatomedicitaliani.it\/?p=3685"},"modified":"2020-08-10T17:03:24","modified_gmt":"2020-08-10T15:03:24","slug":"comunicato-stampa-partito-il-tavolo-tecnico-regione-marche-per-il-passaggio-a-dirigenza-del-medico-118-convenzionato","status":"publish","type":"post","link":"https:\/\/sindacatomedicitaliani.it\/index.php\/2020\/08\/10\/comunicato-stampa-partito-il-tavolo-tecnico-regione-marche-per-il-passaggio-a-dirigenza-del-medico-118-convenzionato\/","title":{"rendered":"Comunicato Stampa &#8211; Partito il Tavolo Tecnico Regione Marche per il Passaggio a Dirigenza del Medico 118 Convenzionato"},"content":{"rendered":"\t\t<div data-elementor-type=\"wp-post\" data-elementor-id=\"3685\" class=\"elementor elementor-3685\">\n\t\t\t\t\t\t<section class=\"elementor-section elementor-top-section elementor-element elementor-element-548f498e elementor-section-boxed elementor-section-height-default elementor-section-height-default\" data-id=\"548f498e\" data-element_type=\"section\">\n\t\t\t\t\t\t<div class=\"elementor-container elementor-column-gap-default\">\n\t\t\t\t\t<div class=\"elementor-column elementor-col-100 elementor-top-column elementor-element elementor-element-46d278bd\" data-id=\"46d278bd\" data-element_type=\"column\">\n\t\t\t<div class=\"elementor-widget-wrap elementor-element-populated\">\n\t\t\t\t\t\t<div class=\"elementor-element elementor-element-4e65d51 elementor-widget elementor-widget-image\" data-id=\"4e65d51\" data-element_type=\"widget\" data-widget_type=\"image.default\">\n\t\t\t\t<div class=\"elementor-widget-container\">\n\t\t\t\t\t\t\t\t\t\t\t\t\t<img decoding=\"async\" width=\"242\" height=\"132\" src=\"https:\/\/sindacatomedicitaliani.it\/wp-content\/uploads\/2020\/03\/Smi_Logo.jpg\" class=\"attachment-large size-large wp-image-2644\" alt=\"\" \/>\t\t\t\t\t\t\t\t\t\t\t\t\t<\/div>\n\t\t\t\t<\/div>\n\t\t\t\t<div class=\"elementor-element elementor-element-7f2ad2a elementor-widget elementor-widget-text-editor\" data-id=\"7f2ad2a\" data-element_type=\"widget\" data-widget_type=\"text-editor.default\">\n\t\t\t\t<div class=\"elementor-widget-container\">\n\t\t\t\t\t\t\t<h5><strong>Comunicato Stampa:<br \/><\/strong><\/h5>\t\t\t\t\t\t<\/div>\n\t\t\t\t<\/div>\n\t\t\t\t<div class=\"elementor-element elementor-element-7ba59fc elementor-widget elementor-widget-text-editor\" data-id=\"7ba59fc\" data-element_type=\"widget\" data-widget_type=\"text-editor.default\">\n\t\t\t\t<div class=\"elementor-widget-container\">\n\t\t\t\t\t\t\t<h6><b>Partito Il Tavolo Tecnico Regione Marche per il Passaggio a Dirigenza del Medico 118 Convenzionato<\/b><\/h6><h6><b>Nota Stampa del Sindacato Medici Italiani Marche<\/b><\/h6>\t\t\t\t\t\t<\/div>\n\t\t\t\t<\/div>\n\t\t\t\t<div class=\"elementor-element elementor-element-34923582 elementor-widget elementor-widget-text-editor\" data-id=\"34923582\" data-element_type=\"widget\" data-widget_type=\"text-editor.default\">\n\t\t\t\t<div class=\"elementor-widget-container\">\n\t\t\t\t\t\t\t<p>Ancona, 10 agosto. &#8220;\u00c8 formalmente partito qualche giorno fa il tavolo tecnico regionale per la realizzazione di un documento condiviso tra Ufficio Salute Marche e tutte le Rappresentanze Sindacali della Dirigenza Medica e della Medicina Convenzionata con la finalit\u00e0 di permettere, in tempi certi, il passaggio a dirigenza dei medici 118 convenzionati della Regione&#8221;, lo rende noto una nota stampa del Sindacato Medici Italiani (SMI) delle Marche.<\/p><p>Numerosi gli esponenti delle rappresentanze sindacali della Dirigenza Medica e Veterinaria e della Medicina Convenzionata Regionali presenti all\u2019incontro convocato dall\u2019Ufficio Salute della Regione Marche alla presenza del Direttore dell\u2019Ufficio Salute Regione Marche, dr.ssa Lucia Di Furia che ha aperto l\u2019incontro presso la Sala di Palazzo Raffaello ad Ancona illustrando le finalit\u00e0 dell\u2019incontro e del lavoro del tavolo riconoscendo pubblicamente la sollecitazione urgente della convocazione del tavolo alla dr.ssa Alessandra Moraca, Vice Presidente FVM Marche.<\/p><p>La dr.ssa Moraca ha riassunto i vari passaggi che hanno portato alla convocazione urgente del tavolo, tale esigenza era scaturita in seguito alla convocazione dei sindacati da parte della Regione Marche per la premialit\u00e0 COVID e per la stabilizzazione del personale della Dirigenza Medica e Veterinaria. Nel corso di quegli incontri Moraca evidenzi\u00f2 il problema dei medici 118 convenzionati erano stati \u201cdimenticati\u201d anche in quest\u2019occasione quando sarebbe stato opportuno, a fronte del lavoro che avevano svolto per l\u2019emergenza COVID poterli premiare non solo con somme di denaro, ma riconoscendo la loro professionalit\u00e0 con il passaggio a dipendenza che da tempo chiedevano. Tutte le rappresentanze sindacali della dirigenza medica espressero la volont\u00e0 di dare risposte improrogabili al riconoscimento della dirigenza medica ai medici 118 convenzionati operanti sul territorio&#8221;.<\/p><p>Fabiola Fini, Vice Segretario Nazionale SMI Dirigenza e Segretario Organizzativo e Tesoriere SMI Marche nel corso dell\u2019incontro ha ribadito con forza la necessit\u00e0 del passaggio immediato a dirigenza dei medici 118 convenzionati attualmente operanti sul territorio regionale lasciando l\u2019opzione di scelta a chi vorr\u00e0 rimanere convenzionato. &#8220;Il DPR 27 Marzo 1992 ha sancito la nascita del Sistema 118 prevedendo medici della Medicina Generale (ex guardia medica) formati con un corso di 300 ore ed il conseguimento dell\u2019attestato di idoneit\u00e0 all\u2019esercizio dell\u2019emergenza territoriale. Con la legge 299\/99, articolo 8-1bis, \u00e8 stato concesso alle Regioni di ampliare la pianta organica deli servizi territoriali permettendo ai medici convenzionati in attivit\u00e0 presso 118 e con 5 anni di anzianit\u00e0, previo esame di idoneit\u00e0, di passare alla dipendenza. Pi\u00f9 volte il SMI ha sollecitato la necessit\u00e0 di procedere al passaggio a dirigenza dei medici 118 convenzionati nella nostra regione, rendendosi conto della criticit\u00e0 della situazione ma purtroppo le logiche regionali sono state altre&#8221;.<\/p><p>&#8220;Nei tempi successivi, cessata la vigenza della 299\/99, non \u00e8 stato possibile adire alla dipendenza creando di fatto discriminazioni non accettabili, tra medici operanti nello stesso sistema, con gli stessi obblighi ma differenti retribuzioni e tutele, abbiamo bisogno, ribadisce Fabiola Fini, Vice Segretario Nazionale SMI e Segretario Organizzativo SMI Marche, di risposte concrete immediate, opportuni riconoscimenti giuridici, normativi, economici, e garanzie di carriera, ma soprattutto uno strategico miglioramento dell\u2019organizzazione dei servizi sanitari del soccorso o il rischio sar\u00e0 assistere anche al progressivo abbandono del personale medico attuale, con il pericolo che il sistema di Emergenza pre ospedaliero ed ospedaliero venga ad essere profondamente debilitato e reso insufficiente, non solo negli eventi epidemici o catastrofici, ma anche nelle attivit\u00e0 di soccorso quotidiane abituali. Il SSN deve essere garantito e con esso il Sistema dell\u2019Emergenza che ne \u00e8 un pilastro fondamentale in particolare nelle reti tempo dipendenti, nel trauma , nelle pandemie, nella medicina delle catastrofi. Non solo si sottolinea anche la necessit\u00e0 di provvedere ad istituire maggiori posti di specializzazione in MEU con posti riservati per chi gi\u00e0 opera nel sistema 118&#8221; aggiunge, ancora, Fini.<\/p><p>Sulla stessa lunghezza d\u2019onda si \u00e8 espressa la dr.ssa Alessandra Moraca, Vice presidente FVM ed Antonio Angellotti che insieme a tutte le rappresentanze sindacali della Dirigenza quasi tutte presenti all\u2019incontro a Palazzo Raffaello di Ancona ,hanno dato il via a questo prezioso percorso. Su questo la dr.ssa Di Furia, direttore dell\u2019Ufficio Salute, ha espresso parere favorevole e motivazione a lavorare tutti insieme per preparare un documento per il passaggio a dirigenza dei medici del 118 formulando l\u2019impegno come Regione Marche a promuovere ed accompagnare presso il Ministro della Salute una commissione che presenti e promuova la proposta in via di realizzazione e che porti agli opportuni riconoscimenti giuridici, normativi, economici, e garanzie di carriera, ma soprattutto ad uno strategico miglioramento dell\u2019organizzazione dei servizi sanitari del soccorso.<\/p><p>Inoltre, la dr.ssa Moraca, durante la riunione ha fatto anche presente che oltre a sanare il passaggio a dipendenza dei colleghi del 118, la Regione Marche si deve impegnare, nella pi\u00f9 ampia visione di riorganizzazione del sistema dell\u2019emergenza urgenza a considerare che la figura del medico dell\u2019emergenza urgenza sia unica, con un rapporto di lavoro dipendente, perch\u00e9 solo in questo modo si eviter\u00e0 di creare ulteriori distorsioni del sistema, a sicuro vantaggio degli operatori e dell\u2019utenza.<\/p><p>La Regione Marche ha espresso la volont\u00e0, dice la dr.ssa Di Furia, di trovare una soluzione a questo annoso problema di discriminazione contrattuale tra medici convenzionati e dirigenti 118 che si \u00e8 venuto creare nel corso degli anni.<\/p><p>Vogliamo mettere mano e provvedere ad una riorganizzazione complessiva del Sistema di Emergenza Urgenza, dando risposte alle criticit\u00e0 della Sanit\u00e0 Regionale slatentizzate ulteriormente in particolare in questo momento a causa del Covid.<\/p><p>L\u2019impegno regionale nostro, ha ribadito la dr.ssa Di Furia, sar\u00e0 quello di portare la proposta Marche che scaturir\u00e0 in questo tavolo al Ministero della Salute accompagnando fisicamente la commissione che produrr\u00e0 il documento, dal Ministro Speranza.<\/p><p>Proveremo come Regione Marche a promuovere una condivisione della proposta che prepareremo tutti insieme con l\u2019ausilio anche degli avvocati della regione e dei consulenti legali esperti in materia, qualcuno gi\u00e0 oggi presente in sala (Avv. F.Paoletti per SMI), delle rappresentanze sindacali. Condividendola con le altre Regioni nella Conferenza Stato Regioni facendo da apri-pista riteniamo poter avere maggiori possibilit\u00e0 per una risoluzione di una problematica che non \u00e8 solo della Regione Marche.<\/p><p>Lo SMI sottolinea la necessit\u00e0 di muoversi in tempi stretti, perch\u00e9 in mancanza, di risposte concrete immediate ed opportune, assisteremo al progressivo abbandono del personale medico attuale, con il rischio che il sistema di Emergenza pre-ospedaliero ed ospedaliero sia profondamente debilitato e reso insufficiente, non solo negli eventi epidemici o catastrofici, ma anche nelle attivit\u00e0 di soccorso quotidiane abituali. Il SSN deve essere garantito ed il Sistema dell\u2019Emergenza ne \u00e8 un pilastro fondamentale in particolare nelle reti tempo dipendenti , nel trauma , nelle pandemie, nella medicina delle catastrofi.<\/p><p>La pandemia Covid ci ha insegnato che la presa in carico ospedaliera si \u00e8 rivelata insufficiente ed ha messo in luce le criticit\u00e0 del sistema territoriale della sanit\u00e0 regionale da sempre orientato purtroppo verso un approccio ospedale &#8211; centrico.<\/p><p>Dobbiamo investire sull\u2019 emergenza sanitaria territoriale che costituisce il trait d\u2019union indispensabile tra territorio ed ospedale.<\/p><p>Grande attenzione, inoltre, va posta, secondo il Sindacato Medici Italiani, alla necessit\u00e0 di affrontare il problema delle Centrali Operative che devono essere dotate di adeguata organizzazione e risorse, anche di personale, creando un sistema meglio rispondente alle attuali criticit\u00e0 del Sistema Sanitario Regionale, migliorando il funzionamento del sistema di allarme, abbattendo i tempi di ricezione delle chiamate con adeguamento tecnologico ed addestramento progressivo del personale addetto.<\/p><p>&#8220;Lo SMI (presenti anche i responsabili regionali del Sindacato Medici Italiani dell\u2019 emergenza convenzionata Santina Catanese e Giovanbattista Ricci) prende atto dell\u2019 impegno formale della Regione Marche oggi proclamato nel corso dell\u2019incontro ad attivarsi rapidamente per garantire un percorso, con il coinvolgimento Ministeriale e della Conferenza Stato-Regioni che porti concretamente al passaggio a dirigenza dei medici 118 convenzionati operanti nel Sistema 118&#8221;, conclude la nota.<\/p><p><strong>Ufficio Stampa SMI<\/strong>\u00a0<\/p>\t\t\t\t\t\t<\/div>\n\t\t\t\t<\/div>\n\t\t\t\t\t<\/div>\n\t\t<\/div>\n\t\t\t\t\t<\/div>\n\t\t<\/section>\n\t\t\t\t<\/div>\n\t\t","protected":false},"excerpt":{"rendered":"<p>Comunicato Stampa: Partito Il Tavolo Tecnico Regione Marche per il Passaggio a Dirigenza del Medico [&hellip;]<\/p>\n","protected":false},"author":2,"featured_media":2912,"comment_status":"closed","ping_status":"open","sticky":false,"template":"","format":"standard","meta":{"footnotes":""},"categories":[40,6,25,5,11],"tags":[33,31,38,39,37],"_links":{"self":[{"href":"https:\/\/sindacatomedicitaliani.it\/index.php\/wp-json\/wp\/v2\/posts\/3685"}],"collection":[{"href":"https:\/\/sindacatomedicitaliani.it\/index.php\/wp-json\/wp\/v2\/posts"}],"about":[{"href":"https:\/\/sindacatomedicitaliani.it\/index.php\/wp-json\/wp\/v2\/types\/post"}],"author":[{"embeddable":true,"href":"https:\/\/sindacatomedicitaliani.it\/index.php\/wp-json\/wp\/v2\/users\/2"}],"replies":[{"embeddable":true,"href":"https:\/\/sindacatomedicitaliani.it\/index.php\/wp-json\/wp\/v2\/comments?post=3685"}],"version-history":[{"count":4,"href":"https:\/\/sindacatomedicitaliani.it\/index.php\/wp-json\/wp\/v2\/posts\/3685\/revisions"}],"predecessor-version":[{"id":3689,"href":"https:\/\/sindacatomedicitaliani.it\/index.php\/wp-json\/wp\/v2\/posts\/3685\/revisions\/3689"}],"wp:featuredmedia":[{"embeddable":true,"href":"https:\/\/sindacatomedicitaliani.it\/index.php\/wp-json\/wp\/v2\/media\/2912"}],"wp:attachment":[{"href":"https:\/\/sindacatomedicitaliani.it\/index.php\/wp-json\/wp\/v2\/media?parent=3685"}],"wp:term":[{"taxonomy":"category","embeddable":true,"href":"https:\/\/sindacatomedicitaliani.it\/index.php\/wp-json\/wp\/v2\/categories?post=3685"},{"taxonomy":"post_tag","embeddable":true,"href":"https:\/\/sindacatomedicitaliani.it\/index.php\/wp-json\/wp\/v2\/tags?post=3685"}],"curies":[{"name":"wp","href":"https:\/\/api.w.org\/{rel}","templated":true}]}}