{"id":3723,"date":"2020-08-24T12:39:00","date_gmt":"2020-08-24T10:39:00","guid":{"rendered":"http:\/\/sindacatomedicitaliani.it\/?p=3723"},"modified":"2020-08-25T09:45:04","modified_gmt":"2020-08-25T07:45:04","slug":"comunicato-stampa-dl-semplificazioni","status":"publish","type":"post","link":"https:\/\/sindacatomedicitaliani.it\/index.php\/2020\/08\/24\/comunicato-stampa-dl-semplificazioni\/","title":{"rendered":"Comunicato Stampa &#8211; DL semplificazioni"},"content":{"rendered":"\t\t<div data-elementor-type=\"wp-post\" data-elementor-id=\"3723\" class=\"elementor elementor-3723\">\n\t\t\t\t\t\t<section class=\"elementor-section elementor-top-section elementor-element elementor-element-548f498e elementor-section-boxed elementor-section-height-default elementor-section-height-default\" data-id=\"548f498e\" data-element_type=\"section\">\n\t\t\t\t\t\t<div class=\"elementor-container elementor-column-gap-default\">\n\t\t\t\t\t<div class=\"elementor-column elementor-col-100 elementor-top-column elementor-element elementor-element-46d278bd\" data-id=\"46d278bd\" data-element_type=\"column\">\n\t\t\t<div class=\"elementor-widget-wrap elementor-element-populated\">\n\t\t\t\t\t\t<div class=\"elementor-element elementor-element-4e65d51 elementor-widget elementor-widget-image\" data-id=\"4e65d51\" data-element_type=\"widget\" data-widget_type=\"image.default\">\n\t\t\t\t<div class=\"elementor-widget-container\">\n\t\t\t\t\t\t\t\t\t\t\t\t\t<img decoding=\"async\" width=\"242\" height=\"132\" src=\"https:\/\/sindacatomedicitaliani.it\/wp-content\/uploads\/2020\/03\/Smi_Logo.jpg\" class=\"attachment-large size-large wp-image-2644\" alt=\"\" \/>\t\t\t\t\t\t\t\t\t\t\t\t\t<\/div>\n\t\t\t\t<\/div>\n\t\t\t\t<div class=\"elementor-element elementor-element-7f2ad2a elementor-widget elementor-widget-text-editor\" data-id=\"7f2ad2a\" data-element_type=\"widget\" data-widget_type=\"text-editor.default\">\n\t\t\t\t<div class=\"elementor-widget-container\">\n\t\t\t\t\t\t\t<h5><strong>Comunicato Stampa:<br \/><\/strong><\/h5>\t\t\t\t\t\t<\/div>\n\t\t\t\t<\/div>\n\t\t\t\t<div class=\"elementor-element elementor-element-7ba59fc elementor-widget elementor-widget-text-editor\" data-id=\"7ba59fc\" data-element_type=\"widget\" data-widget_type=\"text-editor.default\">\n\t\t\t\t<div class=\"elementor-widget-container\">\n\t\t\t\t\t\t\t<h6><strong>DL Semplificazioni:<\/strong><br \/><strong>\u201cBene l\u2019emendamento per la creazione\u00a0<\/strong><strong>della Scuola di Specializzazione in Medicina Generale,<\/strong><br \/><strong>di Comunit\u00e0 e delle Cure Primarie\u201d<\/strong><\/h6><h6><strong>Dichiarazione di Delia Epifani<\/strong><br \/><strong>Responsabile Nazionale SMI Formazione e Prospettive<\/strong><\/h6>\t\t\t\t\t\t<\/div>\n\t\t\t\t<\/div>\n\t\t\t\t<div class=\"elementor-element elementor-element-34923582 elementor-widget elementor-widget-text-editor\" data-id=\"34923582\" data-element_type=\"widget\" data-widget_type=\"text-editor.default\">\n\t\t\t\t<div class=\"elementor-widget-container\">\n\t\t\t\t\t\t\t<p>Roma, 24 agosto \u2013 \u201cL\u2019Area\u00a0Formazione e Prospettive del Sindacato Medici Italiani esprime grande\u00a0soddisfazione per la proposta di emendamento (n. 19.18 testo 2) al DL Semplificazione. L\u2019emendamento, a\u00a0nostro avviso, propone una sterzata decisiva nella Medicina Generale: la\u00a0creazione della Scuola di Specializzazione in Medicina Generale, di Comunit\u00e0 e\u00a0delle Cure Primarie\u201d cos\u00ec,\u00a0Delia Epifani Responsabile Nazionale SMI Formazione e\u00a0Prospettive, in una dichiarazione commenta il testo emendativo in discussione alla\u00a0Commissione Affari Costituzionali del Senato.<br \/><span style=\"font-family: 'Open Sans', serif; font-size: 15px;\">\u00a0\u201cRiteniamo che questa sia\u00a0l\u2019occasione per raggiungere finalmente una stretta connessione tra il mondo\u00a0universitario e il territorio, uno snodo cruciale per il completo passaggio a\u00a0Scuola di Specializzazione del Corso di Formazione Specifica in Medicina\u00a0Generale. La scuola di specializzazione \u00e8 l\u2019opportunit\u00e0 di riqualificazione, di\u00a0ridefinizione di obiettivi formativi e di adeguamento degli standard qualitativi di tutti i poli formativi italiani. Siamo da sempre sostenitori di\u00a0una riforma nella formazione dei medici di famiglia, riforma che mai come ora\u00a0necessita di una certificazione e di una supervisione universitaria e che vede\u00a0essenziale la presenza di una scuola di specializzazione dedicata ai medici del\u00a0territorio, come avviene nella gran parte degli altri Paesi Europei\u201d.<br \/><\/span><span style=\"font-family: 'Open Sans', serif; font-size: 15px;\">&#8220;A questa norma, qualora fosse approvata, bisogner\u00e0 affiancare un percorso dedicato ai medici che gi\u00e0 hanno acquisito il diploma di formazione specifica in medicina generale e che vogliono conseguire la specializzazione in medicina generale, di comunit\u00e0 e delle cure primarie. Solo cos\u00ec si potranno azzerare le differenze nella formazione medica post-laurea e creare un canale formativo unico e di qualit\u00e0 per tutti i giovani medici&#8221;.<br \/><\/span><span style=\"font-family: 'Open Sans', serif; font-size: 15px;\">\u00a0\u201cL\u2019affrontare la pandemia da\u00a0Covid-19 ha evidenziato il concreto bisogno d\u2019investire nelle cure territoriali\u00a0e nell\u2019implementazione delle cure a domicilio avvalendosi dei device di\u00a0supporto per la telemedicina. Puntare sul territorio vuol dire investire sulla\u00a0formazione dei professionisti che lo dovranno gestire e che meritano una\u00a0formazione che sia di alta qualit\u00e0, con obiettivi precisi garantiti da un\u00a0<\/span><em style=\"font-family: 'Open Sans', serif; font-size: 15px;\">core\u00a0curriculum\u00a0<\/em><span style=\"font-family: 'Open Sans', serif; font-size: 15px;\">e che si accompagni a una nuova spinta verso la ricerca, linfa vitale per ogni\u00a0uomo e donna di scienza\u201d.\u00a0<br \/><\/span><span style=\"font-family: 'Open Sans', serif; font-size: 15px;\">\u201cSiamo convinti che sia arrivata l\u2019ora di creare un\u00a0percorso di formazione con standard qualitativo elevato su tutto il territorio\u00a0nazionale, che tenga conto delle peculiarit\u00e0 regionali.\u00a0\u00c8 il momento di aumentare il numero di borse di specializzazione\u00a0destinate alla medicina generale. \u00c8 il momento di eliminare l\u2019imbuto formativo\u00a0e garantire una formazione alle migliaia di medici che da anni sono in attesa\u00a0di completare il loro percorso post-laurea e di vedere riconosciuto il loro\u00a0contributo nella cura dei pazienti anche e soprattutto nelle Regioni italiane\u00a0in cui la totale assenza di programmazione e di lungimiranza ha creato una\u00a0voragine nell\u2019assistenza sanitaria territoriale. Occorre, finalmente riconoscere ai medici gi\u00e0 formati in medicina generale la valenza specialistica della loro formazione, per dare alla medicina di famiglia la\u00a0dignit\u00e0 che merita, al pari delle altre specializzazioni mediche\u201d conclude la\u00a0sindacalista del Sindacato Medici Italiani.\u00a0<\/span><\/p><p><a href=\"http:\/\/www.sindacatomedicitaliani.it\/webdocs\/Emendamento Specializzazione MGCCP (2).pdf\" data-wplink-url-error=\"true\">QUI<\/a> il link al testo l\u2019emendamento.<\/p><p><strong><br \/>Ufficio Stampa SMI<\/strong>\u00a0<\/p>\t\t\t\t\t\t<\/div>\n\t\t\t\t<\/div>\n\t\t\t\t\t<\/div>\n\t\t<\/div>\n\t\t\t\t\t<\/div>\n\t\t<\/section>\n\t\t\t\t<\/div>\n\t\t","protected":false},"excerpt":{"rendered":"<p>Comunicato Stampa: DL Semplificazioni: \u201cBene l\u2019emendamento per la creazione&nbsp;della Scuola di Specializzazione in Medicina Generale, [&hellip;]<\/p>\n","protected":false},"author":2,"featured_media":2912,"comment_status":"closed","ping_status":"open","sticky":false,"template":"","format":"standard","meta":{"footnotes":""},"categories":[6,25,11],"tags":[33,31,38,39,37],"_links":{"self":[{"href":"https:\/\/sindacatomedicitaliani.it\/index.php\/wp-json\/wp\/v2\/posts\/3723"}],"collection":[{"href":"https:\/\/sindacatomedicitaliani.it\/index.php\/wp-json\/wp\/v2\/posts"}],"about":[{"href":"https:\/\/sindacatomedicitaliani.it\/index.php\/wp-json\/wp\/v2\/types\/post"}],"author":[{"embeddable":true,"href":"https:\/\/sindacatomedicitaliani.it\/index.php\/wp-json\/wp\/v2\/users\/2"}],"replies":[{"embeddable":true,"href":"https:\/\/sindacatomedicitaliani.it\/index.php\/wp-json\/wp\/v2\/comments?post=3723"}],"version-history":[{"count":4,"href":"https:\/\/sindacatomedicitaliani.it\/index.php\/wp-json\/wp\/v2\/posts\/3723\/revisions"}],"predecessor-version":[{"id":3727,"href":"https:\/\/sindacatomedicitaliani.it\/index.php\/wp-json\/wp\/v2\/posts\/3723\/revisions\/3727"}],"wp:featuredmedia":[{"embeddable":true,"href":"https:\/\/sindacatomedicitaliani.it\/index.php\/wp-json\/wp\/v2\/media\/2912"}],"wp:attachment":[{"href":"https:\/\/sindacatomedicitaliani.it\/index.php\/wp-json\/wp\/v2\/media?parent=3723"}],"wp:term":[{"taxonomy":"category","embeddable":true,"href":"https:\/\/sindacatomedicitaliani.it\/index.php\/wp-json\/wp\/v2\/categories?post=3723"},{"taxonomy":"post_tag","embeddable":true,"href":"https:\/\/sindacatomedicitaliani.it\/index.php\/wp-json\/wp\/v2\/tags?post=3723"}],"curies":[{"name":"wp","href":"https:\/\/api.w.org\/{rel}","templated":true}]}}