{"id":3944,"date":"2020-10-08T16:33:49","date_gmt":"2020-10-08T14:33:49","guid":{"rendered":"http:\/\/sindacatomedicitaliani.it\/?p=3944"},"modified":"2020-10-08T16:36:17","modified_gmt":"2020-10-08T14:36:17","slug":"comunicato-stampa-lettera-al-direttore","status":"publish","type":"post","link":"https:\/\/sindacatomedicitaliani.it\/index.php\/2020\/10\/08\/comunicato-stampa-lettera-al-direttore\/","title":{"rendered":"Comunicato Stampa &#8211; Lettera al Direttore"},"content":{"rendered":"\t\t<div data-elementor-type=\"wp-post\" data-elementor-id=\"3944\" class=\"elementor elementor-3944\">\n\t\t\t\t\t\t<section class=\"elementor-section elementor-top-section elementor-element elementor-element-548f498e elementor-section-boxed elementor-section-height-default elementor-section-height-default\" data-id=\"548f498e\" data-element_type=\"section\">\n\t\t\t\t\t\t<div class=\"elementor-container elementor-column-gap-default\">\n\t\t\t\t\t<div class=\"elementor-column elementor-col-100 elementor-top-column elementor-element elementor-element-46d278bd\" data-id=\"46d278bd\" data-element_type=\"column\">\n\t\t\t<div class=\"elementor-widget-wrap elementor-element-populated\">\n\t\t\t\t\t\t<div class=\"elementor-element elementor-element-4e65d51 elementor-widget elementor-widget-image\" data-id=\"4e65d51\" data-element_type=\"widget\" data-widget_type=\"image.default\">\n\t\t\t\t<div class=\"elementor-widget-container\">\n\t\t\t\t\t\t\t\t\t\t\t\t\t<img decoding=\"async\" width=\"242\" height=\"132\" src=\"https:\/\/sindacatomedicitaliani.it\/wp-content\/uploads\/2020\/03\/Smi_Logo.jpg\" class=\"attachment-large size-large wp-image-2644\" alt=\"\" \/>\t\t\t\t\t\t\t\t\t\t\t\t\t<\/div>\n\t\t\t\t<\/div>\n\t\t\t\t<div class=\"elementor-element elementor-element-7f2ad2a elementor-widget elementor-widget-text-editor\" data-id=\"7f2ad2a\" data-element_type=\"widget\" data-widget_type=\"text-editor.default\">\n\t\t\t\t<div class=\"elementor-widget-container\">\n\t\t\t\t\t\t\t<h6 style=\"font-variant-ligatures: normal; font-variant-caps: normal; font-style: normal;\"><strong style=\"font-size: 22px;\">Lettera al Direttore<\/strong><\/h6>\t\t\t\t\t\t<\/div>\n\t\t\t\t<\/div>\n\t\t\t\t<div class=\"elementor-element elementor-element-7ba59fc elementor-widget elementor-widget-text-editor\" data-id=\"7ba59fc\" data-element_type=\"widget\" data-widget_type=\"text-editor.default\">\n\t\t\t\t<div class=\"elementor-widget-container\">\n\t\t\t\t\t\t\t<h6><strong style=\"font-family: 'Open Sans', sans-serif; font-size: 22px;\">Il punto sulla premialit\u00e0 COVID nella Regione Marche<br \/><\/strong><strong style=\"font-family: 'Open Sans', sans-serif; font-size: 22px;\">di Alessandra Moraca, Vice Presidente Federazione Veterinari e Medici (FVM) Marche<\/strong><\/h6>\t\t\t\t\t\t<\/div>\n\t\t\t\t<\/div>\n\t\t\t\t<div class=\"elementor-element elementor-element-34923582 elementor-widget elementor-widget-text-editor\" data-id=\"34923582\" data-element_type=\"widget\" data-widget_type=\"text-editor.default\">\n\t\t\t\t<div class=\"elementor-widget-container\">\n\t\t\t\t\t\t\t<p>Ancona 8 ottobre &#8211; Parlando oggi di premialit\u00e0 COVID da distribuire ai dirigenti medici \u00a0della regione Marche, come stabilito dal DGR n\u00b0663 del 03.06.2020, constatiamo che allo stato attuale nelle diverse aziende sono state finalmente concordate le modalit\u00e0\u00a0 di ripartizione delle risorse assegnate dalla regione, ma deve essere tenuto in considerazione il fatto che solo meno di un terzo delle stesse era destinato specificatamente alla premialit\u00e0 degli\u00a0 operatori sanitari, mentre la parte pi\u00f9 corposa era finalizzata al mero riconoscimento degli orari effettuati in pi\u00f9 dai singoli operatori (straordinari, attivit\u00e0 aggiuntive), quindi per situazioni gi\u00e0 previste dal contratto.<br \/>Vista l\u2019esiguit\u00e0 delle cifre messe a disposizione, la grande difficolt\u00e0 affrontata nella negoziazione \u00e8 stata quella di poter garantire che gli emolumenti concordati potessero essere realmente premianti per chi aveva messo a rischio la propria vita, anche a fronte di diversit\u00e0 di fondi assegnati alle varie aziende.<br \/>Anche questa situazione, che avrebbe dovuto essere gratificante per gli operatori, ha evidenziato ancora una volta le differenze di trattamento dei dirigenti medici tra le varie aziende e tra le aree vaste di questa regione, rendendo pertanto \u201cdiversa\u201d anche la premialit\u00e0 COVID (con la possibilit\u00e0 di variazioni anche del 30% tra dirigenti inseriti nella stessa fascia pi\u00f9 alta di premialit\u00e0).<br \/>Sicuramente il lavoro che i sindacati si sono trovati a dover fare per poter attuare la ripartizione, sia a livello regionale che aziendale \u00e8 stato molto articolato e difficoltoso.<br \/>Allo stato dell\u2019arte nella Regione sono stati firmati i vari accordi aziendali per la ripartizione, ma per il momento sono stati erogati solo gli straordinari e le attivit\u00e0 aggiuntive, di fatto solo l\u2019azienda Marche Nord ha pagato la vera e propria premialit\u00e0 COVID\u00a0 e a\u00a0 quanto sembra non privilegiando il criterio dei rischio biologico visto che in prima fascia risultano ammesse la direzione sanitaria, la fisica sanitaria, il laboratorio analisi e non sono state incluse nella premialit\u00e0 specialit\u00e0 come la cardiologia.<br \/>Sar\u00e0 premura dei sindacati verificare che il riconoscimento economico venga distribuito rapidamente nella maniera pi\u00f9 consona ed adeguata per la tutela dei colleghi.<br \/>Non possiamo, soprattutto in questa occasione, dimenticare i colleghi medici del 118 \u201cconvenzionati\u201d che operano nella nostra Regione, per i quali non \u00e8 stata prevista nessuna premialit\u00e0, sebbene abbiano messo a rischio la loro salute ogni giorno per la gestione in emergenza ed il trasporto dei pazienti infetti. Proprio questa sarebbe stata l\u2019occasione per poterli premiare non con somme di denaro, ma riconoscendo la loro professionalit\u00e0 con il <u>passaggio a dirigenza<\/u> che da tempo richiedono.<br \/>L\u2019opinione pubblica deve sapere che questi medici hanno lavorato in assenza di assicurazione per malattia e senza copertura dell\u2019INAIL, quindi coloro che si sono ammalati, e nella nostra regione sono proprio quelli che percentualmente hanno contratto di pi\u00f9 il virus, sono rimasti scoperti da ogni tutela della malattia.<br \/>\u00c8 arrivato il momento di poter attuare il tanto auspicato passaggio a dipendenza dei colleghi del 118 convenzionati, e a tal proposito \u00e8 stato recentemente espressa tale volont\u00e0 sia da tutte le rappresentanze della dirigenza medica che da parte del Servizio Salute della regione marche, che insieme stanno lavorando affinch\u00e9 si possa attuare questo passaggio a dipendenza, anche nell\u2019ottica di una ampia e necessaria riorganizzazione del sistema emergenza urgenza regionale.<br \/>Proprio la questione \u201cpremialit\u00e0 Covid\u201d ha nuovamente riproposto la necessit\u00e0 che una regione cos\u00ec piccola come le Marche per quanto riguarda la Sanit\u00e0 debba essere pi\u00f9 omogenea e snella dal punto di vista amministrativo e di ripartizione dei fondi, per evitare le solite sperequazioni talvolta davvero eccessive che vanno a ledere inevitabilmente la professionalit\u00e0 di parte della dirigenza medica della Regione Marche.<br \/>Dobbiamo constatare che l\u2019entit\u00e0 del premio non \u00e8 stato realmente proporzionale al rischio corso dagli operatori sanitari, che sono peraltro ancora una volta in allerta per una nuova ondata di casi di infezione ed ancora non hanno beneficiato del piccolo premio promesso. Ma vogliamo anche ricordare che tutti i nostri colleghi avrebbero comunque svolto il proprio lavoro, anche ben oltre il puro dovere contrattuale, non certo mossi da interessi di tipo economico, ma motivati da un profondo spirito etico e solidale che \u00e8 e deve essere sempre alla base della nostra professione medica.<\/p><p><strong>Ufficio Stampa SMI<\/strong>\u00a0<\/p>\t\t\t\t\t\t<\/div>\n\t\t\t\t<\/div>\n\t\t\t\t\t<\/div>\n\t\t<\/div>\n\t\t\t\t\t<\/div>\n\t\t<\/section>\n\t\t\t\t<\/div>\n\t\t","protected":false},"excerpt":{"rendered":"<p>Lettera al Direttore Il punto sulla premialit\u00e0 COVID nella Regione Marche di Alessandra Moraca, Vice [&hellip;]<\/p>\n","protected":false},"author":2,"featured_media":2912,"comment_status":"closed","ping_status":"open","sticky":false,"template":"","format":"standard","meta":{"footnotes":""},"categories":[6,25,11],"tags":[33,31,38,39,37],"_links":{"self":[{"href":"https:\/\/sindacatomedicitaliani.it\/index.php\/wp-json\/wp\/v2\/posts\/3944"}],"collection":[{"href":"https:\/\/sindacatomedicitaliani.it\/index.php\/wp-json\/wp\/v2\/posts"}],"about":[{"href":"https:\/\/sindacatomedicitaliani.it\/index.php\/wp-json\/wp\/v2\/types\/post"}],"author":[{"embeddable":true,"href":"https:\/\/sindacatomedicitaliani.it\/index.php\/wp-json\/wp\/v2\/users\/2"}],"replies":[{"embeddable":true,"href":"https:\/\/sindacatomedicitaliani.it\/index.php\/wp-json\/wp\/v2\/comments?post=3944"}],"version-history":[{"count":3,"href":"https:\/\/sindacatomedicitaliani.it\/index.php\/wp-json\/wp\/v2\/posts\/3944\/revisions"}],"predecessor-version":[{"id":3947,"href":"https:\/\/sindacatomedicitaliani.it\/index.php\/wp-json\/wp\/v2\/posts\/3944\/revisions\/3947"}],"wp:featuredmedia":[{"embeddable":true,"href":"https:\/\/sindacatomedicitaliani.it\/index.php\/wp-json\/wp\/v2\/media\/2912"}],"wp:attachment":[{"href":"https:\/\/sindacatomedicitaliani.it\/index.php\/wp-json\/wp\/v2\/media?parent=3944"}],"wp:term":[{"taxonomy":"category","embeddable":true,"href":"https:\/\/sindacatomedicitaliani.it\/index.php\/wp-json\/wp\/v2\/categories?post=3944"},{"taxonomy":"post_tag","embeddable":true,"href":"https:\/\/sindacatomedicitaliani.it\/index.php\/wp-json\/wp\/v2\/tags?post=3944"}],"curies":[{"name":"wp","href":"https:\/\/api.w.org\/{rel}","templated":true}]}}