{"id":4017,"date":"2020-10-28T13:05:28","date_gmt":"2020-10-28T12:05:28","guid":{"rendered":"http:\/\/sindacatomedicitaliani.it\/?p=4017"},"modified":"2020-10-28T13:09:05","modified_gmt":"2020-10-28T12:09:05","slug":"comunicato-stampa-accordo-stralcio-tamponi","status":"publish","type":"post","link":"https:\/\/sindacatomedicitaliani.it\/index.php\/2020\/10\/28\/comunicato-stampa-accordo-stralcio-tamponi\/","title":{"rendered":"Comunicato Stampa &#8211; accordo stralcio tamponi"},"content":{"rendered":"\t\t<div data-elementor-type=\"wp-post\" data-elementor-id=\"4017\" class=\"elementor elementor-4017\">\n\t\t\t\t\t\t<section class=\"elementor-section elementor-top-section elementor-element elementor-element-548f498e elementor-section-boxed elementor-section-height-default elementor-section-height-default\" data-id=\"548f498e\" data-element_type=\"section\">\n\t\t\t\t\t\t<div class=\"elementor-container elementor-column-gap-default\">\n\t\t\t\t\t<div class=\"elementor-column elementor-col-100 elementor-top-column elementor-element elementor-element-46d278bd\" data-id=\"46d278bd\" data-element_type=\"column\">\n\t\t\t<div class=\"elementor-widget-wrap elementor-element-populated\">\n\t\t\t\t\t\t<div class=\"elementor-element elementor-element-4e65d51 elementor-widget elementor-widget-image\" data-id=\"4e65d51\" data-element_type=\"widget\" data-widget_type=\"image.default\">\n\t\t\t\t<div class=\"elementor-widget-container\">\n\t\t\t\t\t\t\t\t\t\t\t\t\t<img decoding=\"async\" width=\"242\" height=\"132\" src=\"https:\/\/sindacatomedicitaliani.it\/wp-content\/uploads\/2020\/03\/Smi_Logo.jpg\" class=\"attachment-large size-large wp-image-2644\" alt=\"\" \/>\t\t\t\t\t\t\t\t\t\t\t\t\t<\/div>\n\t\t\t\t<\/div>\n\t\t\t\t<div class=\"elementor-element elementor-element-7f2ad2a elementor-widget elementor-widget-text-editor\" data-id=\"7f2ad2a\" data-element_type=\"widget\" data-widget_type=\"text-editor.default\">\n\t\t\t\t<div class=\"elementor-widget-container\">\n\t\t\t\t\t\t\t<h6 style=\"font-variant-ligatures: normal; font-variant-caps: normal; font-style: normal;\"><strong style=\"font-size: 22px;\">Comunicato Stampa<\/strong><\/h6>\t\t\t\t\t\t<\/div>\n\t\t\t\t<\/div>\n\t\t\t\t<div class=\"elementor-element elementor-element-7ba59fc elementor-widget elementor-widget-text-editor\" data-id=\"7ba59fc\" data-element_type=\"widget\" data-widget_type=\"text-editor.default\">\n\t\t\t\t<div class=\"elementor-widget-container\">\n\t\t\t\t\t\t\t<h6><strong>Medici di medicina generale:\u00a0<\/strong><strong>\u201cL\u2019accordo stralcio\u00a0per i tamponi \u00e8 irricevibile!\u201d<br \/><br \/><\/strong><strong>Dichiarazione di Pina Onotri<br \/><\/strong><strong>Segretario Generale del Sindacato Medici Italiani (SMI)<\/strong><\/h6>\t\t\t\t\t\t<\/div>\n\t\t\t\t<\/div>\n\t\t\t\t<div class=\"elementor-element elementor-element-34923582 elementor-widget elementor-widget-text-editor\" data-id=\"34923582\" data-element_type=\"widget\" data-widget_type=\"text-editor.default\">\n\t\t\t\t<div class=\"elementor-widget-container\">\n\t\t\t\t\t\t\t<p>Roma 28 ott. \u201cL\u2019accordo stralcio per i tamponi messo a punto da SISAC (Struttura Interregionale Sanitari Convenzionati) rimarca la distanza tra alcune organizzazioni sindacali della medicina generale e la volont\u00e0 del della Conferenza delle Regioni di imporre la scelta dell\u2019effettuazione dei tamponi ai medici di medicina generale\u201d cos\u00ec in una dichiarazione Pina Onotri, Segretario Generale del Sindacato Medici Italiani (SMI), giudica negativamente l\u2019accordo stralcio per i tamponi.<br>\u201cAbbiamo provato a raccontare delle difficolt\u00e0 della medicina generale che si trova da sola a fronteggiare lo tsunami in una rete territoriale che non esiste, perch\u00e9 mai creata. Abbiamo provato ad esprimere preoccupazione per una situazione che ci sta sfuggendo di mano cercando di dare risposte a tutti, con una reperibilit\u00e0 12 h al giorno 7 giorni su 7. Ormai siamo unico punto di riferimento l\u00ec dove i Sisp non funzionano, l\u00ec dove le attivit\u00e0 specialistiche ospedaliere e territoriali stanno progressivamente riducendo l\u2019offerta, l\u00ec dove i servizi domiciliari, gi\u00e0 carenti prima, stanno diventando del tutto inesistenti\u201d.<br>\u201cNel testo della SISAC, invece, c\u2019\u00e8 la chiara volont\u00e0 di eliminare le voci di dissenso sindacale rispetto al progetto di precettare i medici loro malgrado. Siamo all\u2019imposizione!\u201d.<br>\u201cA questo disegno i medici dicono no! Allo stesso tempo ribadiamo di essere in prima linea nella gestione di questa pandemia, facendoci carico di tutte le problematiche extra Covid e che sono tante, a partire dai pazienti che abbiamo in carico, alla luce del fatto che gli ospedali e gli ambulatori specialistici di primo livello hanno chiuso le porte\u201d.<br><span style=\"font-family: &quot;Open Sans&quot;, serif; font-size: 15px; color: var( --e-global-color-text );\">\u201cMa veramente si pensa che effettuare i tamponi negli studi dei medici di famiglia possa fare la differenza? O peggio ancora durante un turno di guardia medica o di 118?\u201d.<br><\/span><span style=\"font-family: &quot;Open Sans&quot;, serif; font-size: 15px; color: var( --e-global-color-text );\">\u201cNon ci saremmo tirati indietro ora come non ci siamo tirati indietro mai, anche se abbiamo espresso perplessit\u00e0 soprattutto di tipo organizzativo. I nostri studi per questa nostra attivit\u00e0 extra non possono diventare motivo di contagio per i nostri pazienti l\u00ec dove non riusciamo a tenere separati percorsi sporco\/pulito\u201d.<br><\/span><span style=\"font-family: &quot;Open Sans&quot;, serif; font-size: 15px; color: var( --e-global-color-text );\">\u201cNon \u00e8 possibile effettuarli negli studi medici, come non \u00e8 possibile effettuarli nelle farmacie, mentre le ASL stanno gi\u00e0 esprimendo perplessit\u00e0 nell\u2019inserire nella loro organizzazione lavorativa chi non fa parte dei loro organici, per motivi di sicurezza e di legislazione\u201d.<br><\/span><span style=\"font-family: &quot;Open Sans&quot;, serif; font-size: 15px; color: var( --e-global-color-text );\">\u201cLa categoria dei medici \u00e8 stanca, anche dopo che ha dichiarato la propria disponibilit\u00e0 piena e perch\u00e9, allo stesso tempo, sta sopperendo alle mancanze e alle deficienze di organico degli Uffici di Sanit\u00e0 e d\u2019Igiene pubblica. Stiamo, inoltre, seguendo i nostri pazienti per quanto riguarda le patologie croniche e quelle oncologiche. Si pu\u00f2 obbligare a fare i tamponi le colleghe incinte e i colleghi neoplastici, cardiopatici e con insufficienza respiratoria\u201d.<br><\/span><span style=\"font-family: &quot;Open Sans&quot;, serif; font-size: 15px; color: var( --e-global-color-text );\">\u201cSiamo pronti a proclamare lo stato di agitazione se non verremo ascoltati!&nbsp; Siamo disponibili ad effettuare i tamponi su base volontaria e per chi ha il proprio studio con gli spazi adatti per farli. Non \u00e8 possibile lavorare 60\/70 ore a settimana e gestire lo tsunami che si sta abbattendo sugli studi dei medici di medicina generale!\u201d.&nbsp;<br><\/span><span style=\"font-family: &quot;Open Sans&quot;, serif; font-size: 15px; color: var( --e-global-color-text );\">\u201cAbbiamo colleghi malati, contagiati ed i &#8221; superstiti &#8221; si stanno addossato, tra mille difficolt\u00e0, anche il loro carico di lavoro per fa s\u00ec che i cittadini non siano completamente abbandonati a s\u00e9 stessi.<br><\/span><span style=\"font-family: &quot;Open Sans&quot;, serif; font-size: 15px; color: var( --e-global-color-text );\">Oggi il mio pensiero va a Nunzia, una collega, 8\u00b0 mese di gravidanza, che non va in maternit\u00e0 perch\u00e9 i suoi 3 colleghi di studio sono tutti in quarantena. Cosa dobbiamo ancora dimostrare?\u201d conclude Onotri.<\/span><\/p>\n<p><strong>Ufficio Stampa SMI<\/strong>&nbsp;<\/p>\t\t\t\t\t\t<\/div>\n\t\t\t\t<\/div>\n\t\t\t\t\t<\/div>\n\t\t<\/div>\n\t\t\t\t\t<\/div>\n\t\t<\/section>\n\t\t\t\t<\/div>\n\t\t","protected":false},"excerpt":{"rendered":"<p>Comunicato Stampa Medici di medicina generale:&nbsp;\u201cL\u2019accordo stralcio&nbsp;per i tamponi \u00e8 irricevibile!\u201d Dichiarazione di Pina Onotri [&hellip;]<\/p>\n","protected":false},"author":2,"featured_media":2912,"comment_status":"closed","ping_status":"open","sticky":false,"template":"","format":"standard","meta":{"footnotes":""},"categories":[6,25,11],"tags":[33,31,38,39,37],"_links":{"self":[{"href":"https:\/\/sindacatomedicitaliani.it\/index.php\/wp-json\/wp\/v2\/posts\/4017"}],"collection":[{"href":"https:\/\/sindacatomedicitaliani.it\/index.php\/wp-json\/wp\/v2\/posts"}],"about":[{"href":"https:\/\/sindacatomedicitaliani.it\/index.php\/wp-json\/wp\/v2\/types\/post"}],"author":[{"embeddable":true,"href":"https:\/\/sindacatomedicitaliani.it\/index.php\/wp-json\/wp\/v2\/users\/2"}],"replies":[{"embeddable":true,"href":"https:\/\/sindacatomedicitaliani.it\/index.php\/wp-json\/wp\/v2\/comments?post=4017"}],"version-history":[{"count":3,"href":"https:\/\/sindacatomedicitaliani.it\/index.php\/wp-json\/wp\/v2\/posts\/4017\/revisions"}],"predecessor-version":[{"id":4020,"href":"https:\/\/sindacatomedicitaliani.it\/index.php\/wp-json\/wp\/v2\/posts\/4017\/revisions\/4020"}],"wp:featuredmedia":[{"embeddable":true,"href":"https:\/\/sindacatomedicitaliani.it\/index.php\/wp-json\/wp\/v2\/media\/2912"}],"wp:attachment":[{"href":"https:\/\/sindacatomedicitaliani.it\/index.php\/wp-json\/wp\/v2\/media?parent=4017"}],"wp:term":[{"taxonomy":"category","embeddable":true,"href":"https:\/\/sindacatomedicitaliani.it\/index.php\/wp-json\/wp\/v2\/categories?post=4017"},{"taxonomy":"post_tag","embeddable":true,"href":"https:\/\/sindacatomedicitaliani.it\/index.php\/wp-json\/wp\/v2\/tags?post=4017"}],"curies":[{"name":"wp","href":"https:\/\/api.w.org\/{rel}","templated":true}]}}