{"id":7452,"date":"2022-04-04T09:56:20","date_gmt":"2022-04-04T07:56:20","guid":{"rendered":"http:\/\/sindacatomedicitaliani.it\/?p=7452"},"modified":"2022-04-04T09:57:20","modified_gmt":"2022-04-04T07:57:20","slug":"comunicato-stampa-consiglio_calabria","status":"publish","type":"post","link":"https:\/\/sindacatomedicitaliani.it\/index.php\/2022\/04\/04\/comunicato-stampa-consiglio_calabria\/","title":{"rendered":"Comunicato Stampa &#8211; consiglio_calabria"},"content":{"rendered":"\t\t<div data-elementor-type=\"wp-post\" data-elementor-id=\"7452\" class=\"elementor elementor-7452\">\n\t\t\t\t\t\t<section class=\"elementor-section elementor-top-section elementor-element elementor-element-548f498e elementor-section-boxed elementor-section-height-default elementor-section-height-default\" data-id=\"548f498e\" data-element_type=\"section\">\n\t\t\t\t\t\t<div class=\"elementor-container elementor-column-gap-default\">\n\t\t\t\t\t<div class=\"elementor-column elementor-col-100 elementor-top-column elementor-element elementor-element-46d278bd\" data-id=\"46d278bd\" data-element_type=\"column\">\n\t\t\t<div class=\"elementor-widget-wrap elementor-element-populated\">\n\t\t\t\t\t\t<div class=\"elementor-element elementor-element-4e65d51 elementor-widget elementor-widget-image\" data-id=\"4e65d51\" data-element_type=\"widget\" data-widget_type=\"image.default\">\n\t\t\t\t<div class=\"elementor-widget-container\">\n\t\t\t\t\t\t\t\t\t\t\t\t\t<img decoding=\"async\" width=\"245\" height=\"138\" src=\"https:\/\/sindacatomedicitaliani.it\/wp-content\/uploads\/2020\/11\/logosmi.jpg\" class=\"attachment-large size-large wp-image-4216\" alt=\"\" \/>\t\t\t\t\t\t\t\t\t\t\t\t\t<\/div>\n\t\t\t\t<\/div>\n\t\t\t\t<div class=\"elementor-element elementor-element-7f2ad2a elementor-widget elementor-widget-text-editor\" data-id=\"7f2ad2a\" data-element_type=\"widget\" data-widget_type=\"text-editor.default\">\n\t\t\t\t<div class=\"elementor-widget-container\">\n\t\t\t\t\t\t\t<h6 style=\"font-variant-ligatures: normal; font-variant-caps: normal; font-style: normal;\"><strong style=\"font-size: 22px;\">Comunicato Stampa<\/strong><\/h6>\t\t\t\t\t\t<\/div>\n\t\t\t\t<\/div>\n\t\t\t\t<div class=\"elementor-element elementor-element-7ba59fc elementor-widget elementor-widget-text-editor\" data-id=\"7ba59fc\" data-element_type=\"widget\" data-widget_type=\"text-editor.default\">\n\t\t\t\t<div class=\"elementor-widget-container\">\n\t\t\t\t\t\t\t<h6><strong>Congresso Regionale della Calabria del Sindacato Medici Italiani (SMI)<br \/><\/strong><strong>Eletto Sinibaldo Iemboli nuovo Segretario Regionale calabrese<\/strong><\/h6>\t\t\t\t\t\t<\/div>\n\t\t\t\t<\/div>\n\t\t\t\t<div class=\"elementor-element elementor-element-34923582 elementor-widget elementor-widget-text-editor\" data-id=\"34923582\" data-element_type=\"widget\" data-widget_type=\"text-editor.default\">\n\t\t\t\t<div class=\"elementor-widget-container\">\n\t\t\t\t\t\t\t<p>Cosenza, 4 aprile &#8211; \u201cSi \u00e8 concluso a Cosenza il Congresso Regionale del Sindacato Medici Italiani, in vista di quello Nazionale che si svolger\u00e0 a fine anno. L\u2019assise dello SMI ha approfondito le questioni inerenti le condizioni di lavoro, le tutele, i diritti di tutta la categoria medica a partire dall\u2019area professione della dirigenza ospedaliera e territoriale, a quella della medicina convenzionata, che comprende i medici di famiglia, la guardia medica, i servizi e il 118. Sinibaldo Iemboli \u00e8 stato eletto nuovo Segretario Regionale del Sindacato Medici Italiani della Calabria\u201d cos\u00ec una nota dello SMI della Calabria.<br \/>\u201cNella discussione sono state messe a punto le iniziative sindacali dei prossimi mesi per affrontate le questioni annose della sanit\u00e0 regionale calabrese, come ad esempio l\u2019incremento del deficit legato al settore regionale sanitario e dovuto dall\u2019evidente opera fallimentare dei vari commissari per la sanit\u00e0 regionale inviati dal Ministro della Salute. Un focus dei lavori \u00e8 stato dedicato alle deficienze strutturali, a quelle del personale della sanit\u00e0 calabrese e ai casi di malasanit\u00e0\u201d.<br \/>\u00a0\u201cSi sono, poi, affrontati i temi relativi alla cosiddetta emigrazione sanitaria: i cosiddetti viaggi della speranza che molti pazienti calabresi effettuano verso altre regioni del Paese per la mancanza di strutture sanitarie nella nostra Regione. In questo modo s\u2019impoverisce la sanit\u00e0 regionale e si trasferiscono risorse finanziarie verso i sistemi sanitari regionali del centro nord\u201d.<br \/>\u201cIl congresso regionale, concludendo i suoi lavori, ha assunto come priorit\u00e0 iniziative sindacali che puntino a proporre una riorganizzazione delle strutture e dei servizi regionali e individuare misure per il varo di un piano di assunzioni per far fronte alla carenza di medici e dei sanitari che si riscontra in Calabria. All\u2019appuntamento regionale presieduto da Cosmo De Matteis, Presidente Onorario Nazionale, hanno partecipato medici e sanitari di tutte le province calabresi. Per la Segreteria Nazionale del Sindacato, presenti Mario Iovane e Donato Pulcini\u201d.<\/p><p><em><strong><span style=\"font-family: georgia, palatino;\">Ufficio Stampa<\/span><\/strong><\/em><\/p>\t\t\t\t\t\t<\/div>\n\t\t\t\t<\/div>\n\t\t\t\t\t<\/div>\n\t\t<\/div>\n\t\t\t\t\t<\/div>\n\t\t<\/section>\n\t\t\t\t<\/div>\n\t\t","protected":false},"excerpt":{"rendered":"<p>Comunicato Stampa Congresso Regionale della Calabria del Sindacato Medici Italiani (SMI) Eletto Sinibaldo Iemboli nuovo [&hellip;]<\/p>\n","protected":false},"author":2,"featured_media":2912,"comment_status":"closed","ping_status":"open","sticky":false,"template":"","format":"standard","meta":{"footnotes":""},"categories":[6,25,11],"tags":[33,31,38,39,37],"_links":{"self":[{"href":"https:\/\/sindacatomedicitaliani.it\/index.php\/wp-json\/wp\/v2\/posts\/7452"}],"collection":[{"href":"https:\/\/sindacatomedicitaliani.it\/index.php\/wp-json\/wp\/v2\/posts"}],"about":[{"href":"https:\/\/sindacatomedicitaliani.it\/index.php\/wp-json\/wp\/v2\/types\/post"}],"author":[{"embeddable":true,"href":"https:\/\/sindacatomedicitaliani.it\/index.php\/wp-json\/wp\/v2\/users\/2"}],"replies":[{"embeddable":true,"href":"https:\/\/sindacatomedicitaliani.it\/index.php\/wp-json\/wp\/v2\/comments?post=7452"}],"version-history":[{"count":5,"href":"https:\/\/sindacatomedicitaliani.it\/index.php\/wp-json\/wp\/v2\/posts\/7452\/revisions"}],"predecessor-version":[{"id":7458,"href":"https:\/\/sindacatomedicitaliani.it\/index.php\/wp-json\/wp\/v2\/posts\/7452\/revisions\/7458"}],"wp:featuredmedia":[{"embeddable":true,"href":"https:\/\/sindacatomedicitaliani.it\/index.php\/wp-json\/wp\/v2\/media\/2912"}],"wp:attachment":[{"href":"https:\/\/sindacatomedicitaliani.it\/index.php\/wp-json\/wp\/v2\/media?parent=7452"}],"wp:term":[{"taxonomy":"category","embeddable":true,"href":"https:\/\/sindacatomedicitaliani.it\/index.php\/wp-json\/wp\/v2\/categories?post=7452"},{"taxonomy":"post_tag","embeddable":true,"href":"https:\/\/sindacatomedicitaliani.it\/index.php\/wp-json\/wp\/v2\/tags?post=7452"}],"curies":[{"name":"wp","href":"https:\/\/api.w.org\/{rel}","templated":true}]}}