{"id":7497,"date":"2022-04-21T12:00:00","date_gmt":"2022-04-21T10:00:00","guid":{"rendered":"http:\/\/sindacatomedicitaliani.it\/?p=7497"},"modified":"2022-04-21T16:16:32","modified_gmt":"2022-04-21T14:16:32","slug":"comunicato-stampa-questionemedica","status":"publish","type":"post","link":"https:\/\/sindacatomedicitaliani.it\/index.php\/2022\/04\/21\/comunicato-stampa-questionemedica\/","title":{"rendered":"Comunicato Stampa &#8211; questionemedica"},"content":{"rendered":"\t\t<div data-elementor-type=\"wp-post\" data-elementor-id=\"7497\" class=\"elementor elementor-7497\">\n\t\t\t\t\t\t<section class=\"elementor-section elementor-top-section elementor-element elementor-element-548f498e elementor-section-boxed elementor-section-height-default elementor-section-height-default\" data-id=\"548f498e\" data-element_type=\"section\">\n\t\t\t\t\t\t<div class=\"elementor-container elementor-column-gap-default\">\n\t\t\t\t\t<div class=\"elementor-column elementor-col-100 elementor-top-column elementor-element elementor-element-46d278bd\" data-id=\"46d278bd\" data-element_type=\"column\">\n\t\t\t<div class=\"elementor-widget-wrap elementor-element-populated\">\n\t\t\t\t\t\t<div class=\"elementor-element elementor-element-4e65d51 elementor-widget elementor-widget-image\" data-id=\"4e65d51\" data-element_type=\"widget\" data-widget_type=\"image.default\">\n\t\t\t\t<div class=\"elementor-widget-container\">\n\t\t\t\t\t\t\t\t\t\t\t\t\t<img decoding=\"async\" width=\"245\" height=\"138\" src=\"https:\/\/sindacatomedicitaliani.it\/wp-content\/uploads\/2020\/11\/logosmi.jpg\" class=\"attachment-large size-large wp-image-4216\" alt=\"\" \/>\t\t\t\t\t\t\t\t\t\t\t\t\t<\/div>\n\t\t\t\t<\/div>\n\t\t\t\t<div class=\"elementor-element elementor-element-7f2ad2a elementor-widget elementor-widget-text-editor\" data-id=\"7f2ad2a\" data-element_type=\"widget\" data-widget_type=\"text-editor.default\">\n\t\t\t\t<div class=\"elementor-widget-container\">\n\t\t\t\t\t\t\t<h6 style=\"font-variant-ligatures: normal; font-variant-caps: normal; font-style: normal;\"><strong style=\"font-size: 22px;\">Comunicato Stampa<\/strong><\/h6>\t\t\t\t\t\t<\/div>\n\t\t\t\t<\/div>\n\t\t\t\t<div class=\"elementor-element elementor-element-7ba59fc elementor-widget elementor-widget-text-editor\" data-id=\"7ba59fc\" data-element_type=\"widget\" data-widget_type=\"text-editor.default\">\n\t\t\t\t<div class=\"elementor-widget-container\">\n\t\t\t\t\t\t\t<h6><strong>\u201cRiconoscimento delle tutele per i medici di medicina generale e parit\u00e0 di genere nella professione medica, sono il nostro contributo alla conferenza della Fnomceo sulla questione medica\u201d<\/strong><br \/><br \/><strong>Dichiarazione di Pina Onotri, Segretario Generale del Sindacato Medici Italiani (SMI)<\/strong><\/h6>\t\t\t\t\t\t<\/div>\n\t\t\t\t<\/div>\n\t\t\t\t<div class=\"elementor-element elementor-element-34923582 elementor-widget elementor-widget-text-editor\" data-id=\"34923582\" data-element_type=\"widget\" data-widget_type=\"text-editor.default\">\n\t\t\t\t<div class=\"elementor-widget-container\">\n\t\t\t\t\t\t\t<p>Roma, 21- aprile \u201cAbbiamo accolto con interesse la proposta della Fnomceo di partecipare al confronto sulla questione medica che \u00e8 stata messa a dura prova dalla pandemia. Il lavoro dei medici \u00e8 cambiato e la categoria ha subito grandi trasformazioni. Per queste ragioni riteniamo non pi\u00f9 procrastinabile il riconoscimento di tutte tutele per i medici di medicina generale convenzionata e una piena parit\u00e0 di genere nella professione medica\u201d cos\u00ec Pina Onotri, Segretario Generale del Sindacato Medici Italiani alla conferenza della Fnomceo sulla questione medica.<br \/>\u201cLa centralit\u00e0 delle questioni relative al superamento delle disparit\u00e0 di genere viene ribadita anche nel Piano nazionale di ripresa e resilienza (PNRR) per rilanciare lo sviluppo nazionale in seguito alla pandemia. Il Piano, infatti, individua la parit\u00e0 di genere come una delle tre priorit\u00e0 trasversali perseguite in tutte le missioni che compongono il Piano. Proponiamo, per questo, che il Ministero della Salute, sentito il Ministero delle Pari Opportunit\u00e0, proponga una o pi\u00f9 sezioni tematiche per esaminare la condizione delle donne medico in medicina generale convenzionata e in medicina ospedaliera. Vorremmo, inoltre, estendere il Sistema nazionale di certificazione della parit\u00e0 di genere al comparto della medicina generale convenzionata con la previsione della pubblicazione di un report annuale sul sito del Ministero della Salute. In questa pandemia sono le donne medico che hanno pagato il prezzo pi\u00f9 alto. Il diritto al lavoro si deve coniugare al diritto alla vita familiare e personale\u201d.<br \/>\u201cSiamo del parere che il Governo debba partire subito per mettere mano alla questione medica e prevedere gi\u00e0 nella prossima Nota di Aggiornamento del Documento di Economia e Finanza (NADEF) che dovr\u00e0 essere presentata alle Camere entro settembre prossimo, una voce, nell\u2019ambito della spesa sanitaria, destinata alle tutele dei medici della medicina convenzionata.<br \/>Chiediamo al Governo lo stanziamento di euro 50.000.000 nella prossima legge di bilancio per l\u2019anno finanziario 2023 e per il bilancio pluriennale per il 2023-2025 per le tutele dedicate ai medici di medicina generale convenzionata, nell\u2019ambito del rinnovo dei contratti e delle convenzioni del personale del SSN. Tale spesa dovr\u00e0 poi successivamente perfezionata in sede di discussione contrattuale per la definizione dell\u2019Accordo Collettivo Nazionale (ACN) 2018 \u2013 2020 per i medici di medicina generale non ancora attualmente discusso.<br \/>Le tutele a cui bisogna puntare, per dare risposte immediate ai medici, sono in via primaria il riconoscimento dell\u2019infortunio sul lavoro, il diritto alle ferie, alla maternit\u00e0 assistita, i permessi per malattia, \u00a0misure certe \u00a0in materia di sostegno ad handicap\u00a0 e per le sostituzioni per poter fruire del riposo, nonch\u00e9 politiche continuative per le pari opportunit\u00e0. Da queste priorit\u00e0 bisogna far riparte la questione medica\u201d conclude.<\/p><p><em><strong><span style=\"font-family: georgia, palatino;\">Ufficio Stampa<\/span><\/strong><\/em><\/p>\t\t\t\t\t\t<\/div>\n\t\t\t\t<\/div>\n\t\t\t\t\t<\/div>\n\t\t<\/div>\n\t\t\t\t\t<\/div>\n\t\t<\/section>\n\t\t\t\t<\/div>\n\t\t","protected":false},"excerpt":{"rendered":"<p>Comunicato Stampa \u201cRiconoscimento delle tutele per i medici di medicina generale e parit\u00e0 di genere [&hellip;]<\/p>\n","protected":false},"author":2,"featured_media":2912,"comment_status":"closed","ping_status":"open","sticky":false,"template":"","format":"standard","meta":{"footnotes":""},"categories":[6,25,11],"tags":[33,31,38,39,37],"_links":{"self":[{"href":"https:\/\/sindacatomedicitaliani.it\/index.php\/wp-json\/wp\/v2\/posts\/7497"}],"collection":[{"href":"https:\/\/sindacatomedicitaliani.it\/index.php\/wp-json\/wp\/v2\/posts"}],"about":[{"href":"https:\/\/sindacatomedicitaliani.it\/index.php\/wp-json\/wp\/v2\/types\/post"}],"author":[{"embeddable":true,"href":"https:\/\/sindacatomedicitaliani.it\/index.php\/wp-json\/wp\/v2\/users\/2"}],"replies":[{"embeddable":true,"href":"https:\/\/sindacatomedicitaliani.it\/index.php\/wp-json\/wp\/v2\/comments?post=7497"}],"version-history":[{"count":5,"href":"https:\/\/sindacatomedicitaliani.it\/index.php\/wp-json\/wp\/v2\/posts\/7497\/revisions"}],"predecessor-version":[{"id":7502,"href":"https:\/\/sindacatomedicitaliani.it\/index.php\/wp-json\/wp\/v2\/posts\/7497\/revisions\/7502"}],"wp:featuredmedia":[{"embeddable":true,"href":"https:\/\/sindacatomedicitaliani.it\/index.php\/wp-json\/wp\/v2\/media\/2912"}],"wp:attachment":[{"href":"https:\/\/sindacatomedicitaliani.it\/index.php\/wp-json\/wp\/v2\/media?parent=7497"}],"wp:term":[{"taxonomy":"category","embeddable":true,"href":"https:\/\/sindacatomedicitaliani.it\/index.php\/wp-json\/wp\/v2\/categories?post=7497"},{"taxonomy":"post_tag","embeddable":true,"href":"https:\/\/sindacatomedicitaliani.it\/index.php\/wp-json\/wp\/v2\/tags?post=7497"}],"curies":[{"name":"wp","href":"https:\/\/api.w.org\/{rel}","templated":true}]}}