{"id":8331,"date":"2022-10-03T11:48:10","date_gmt":"2022-10-03T09:48:10","guid":{"rendered":"http:\/\/sindacatomedicitaliani.it\/?p=8331"},"modified":"2022-10-03T11:50:09","modified_gmt":"2022-10-03T09:50:09","slug":"comunicato-stampa-v_congressonazionale","status":"publish","type":"post","link":"https:\/\/sindacatomedicitaliani.it\/index.php\/2022\/10\/03\/comunicato-stampa-v_congressonazionale\/","title":{"rendered":"Comunicato Stampa &#8211; V_CongressoNazionale"},"content":{"rendered":"\t\t<div data-elementor-type=\"wp-post\" data-elementor-id=\"8331\" class=\"elementor elementor-8331\">\n\t\t\t\t\t\t<section class=\"elementor-section elementor-top-section elementor-element elementor-element-548f498e elementor-section-boxed elementor-section-height-default elementor-section-height-default\" data-id=\"548f498e\" data-element_type=\"section\">\n\t\t\t\t\t\t<div class=\"elementor-container elementor-column-gap-default\">\n\t\t\t\t\t<div class=\"elementor-column elementor-col-100 elementor-top-column elementor-element elementor-element-46d278bd\" data-id=\"46d278bd\" data-element_type=\"column\">\n\t\t\t<div class=\"elementor-widget-wrap elementor-element-populated\">\n\t\t\t\t\t\t<div class=\"elementor-element elementor-element-4e65d51 elementor-widget elementor-widget-image\" data-id=\"4e65d51\" data-element_type=\"widget\" data-widget_type=\"image.default\">\n\t\t\t\t<div class=\"elementor-widget-container\">\n\t\t\t\t\t\t\t\t\t\t\t\t\t<img decoding=\"async\" width=\"245\" height=\"138\" src=\"https:\/\/sindacatomedicitaliani.it\/wp-content\/uploads\/2020\/11\/logosmi.jpg\" class=\"attachment-large size-large wp-image-4216\" alt=\"\" \/>\t\t\t\t\t\t\t\t\t\t\t\t\t<\/div>\n\t\t\t\t<\/div>\n\t\t\t\t<div class=\"elementor-element elementor-element-7f2ad2a elementor-widget elementor-widget-text-editor\" data-id=\"7f2ad2a\" data-element_type=\"widget\" data-widget_type=\"text-editor.default\">\n\t\t\t\t<div class=\"elementor-widget-container\">\n\t\t\t\t\t\t\t<h6 style=\"font-variant-ligatures: normal; font-variant-caps: normal; font-style: normal;\"><strong style=\"font-size: 22px;\">Comunicato Stampa<\/strong><\/h6>\t\t\t\t\t\t<\/div>\n\t\t\t\t<\/div>\n\t\t\t\t<div class=\"elementor-element elementor-element-7ba59fc elementor-widget elementor-widget-text-editor\" data-id=\"7ba59fc\" data-element_type=\"widget\" data-widget_type=\"text-editor.default\">\n\t\t\t\t<div class=\"elementor-widget-container\">\n\t\t\t\t\t\t\t<h6><strong>L\u2019Italia del dopo pandemia: quale futuro per il SSN? <br \/>Verso il V Congresso Nazionale del Sindacato Medici Italiani<\/strong><\/h6><h6><strong>7\/8\/9 ottobre 2022 Tivoli (RM)<\/strong><\/h6><h6><strong>Nota della Segreteria Nazionale SMI\u00a0<\/strong><\/h6>\t\t\t\t\t\t<\/div>\n\t\t\t\t<\/div>\n\t\t\t\t<div class=\"elementor-element elementor-element-34923582 elementor-widget elementor-widget-text-editor\" data-id=\"34923582\" data-element_type=\"widget\" data-widget_type=\"text-editor.default\">\n\t\t\t\t<div class=\"elementor-widget-container\">\n\t\t\t\t\t\t\t<p>Roma 3 ott.- \u201cSi terr\u00e0 il 7\/8\/9 ottobre 2022 presso l\u2019Hotel Gran Duca D\u2019Este di Tivoli (RM) il V Congresso Nazionale Sindacato Medici Italiani (SMI) intitolato \u201cL\u2019Italia del dopo pandemia: quale futuro per il SSN?\u201d, cos\u00ec una nota della segreteria nazionale SMI.<br>\u201cIl congresso, che torna in presenza dopo tre anni, si confronter\u00e0 con le sfide che il Piano di Ripresa e Resilienza impongono alla sanit\u00e0 e alla medicina con uno sguardo attento alle scelte del prossimo parlamento. &nbsp;Il Servizio Sanitario Nazionale &nbsp;\u00e8 stato messo a dura prova dalla pandemia che ha evidenziato&nbsp; profonde deficienze del sevizio sanitario a partire dalla&nbsp; medicina dell\u2019emergenza\/ urgenza,&nbsp; un sistema gi\u00e0 in profonda crisi d\u2019identit\u00e0 a causa dei disomogenei modelli organizzativi, per la difformit\u00e0 dell\u2019offerta di salute sul territorio nazionale, per la frammentazione di competenze, per la diversit\u00e0 dei percorsi formativi degli operatori sanitari.<br>Il V\u00b0 congresso nazionale&nbsp; dello SMI intende aprire una discussione nel Paese affinch\u00e9 si pongano in primo piano misure legislative per il rafforzamento della medicina territoriale, per&nbsp; una pi\u00f9 forte integrazione socio sanitaria, per la&nbsp; difesa del carattere pubblico e universale del nostro SSN dinnanzi ad una sempre pi\u00f9 incalzante iniziativa privata che tende a sottrarre servizi e pazienti al settore pubblico.<br>Si analizzeranno, inoltre, i grandi cambiamenti intervenuti in questi anni nella professione medica con&nbsp; la prevalenza delle donne medico, ormai maggioritarie &nbsp;in tutte le specializzazioni mediche. Occorre, per queste ragioni che si adottino politiche adeguate a ridurre il divario di genere in tutte le aree che presentano maggiori criticit\u00e0, come le opportunit\u00e0 di carriera, la parit\u00e0 salariale a parit\u00e0 di mansioni, le politiche di gestione delle differenze di genere e la tutela della maternit\u00e0, tutte questioni che le donne medico di medicina generale e quelle ospedaliere e della dirigenza vivono sulla loro pelle.<br>Il congresso sar\u00e0 articolato in quattro sessioni, di cui una scientifica.<br>La prima sessione venerd\u00ec 7 ottobre&nbsp; 2022&nbsp; ore 15.00 &nbsp;con apertura dei lavori con i saluti del Presidente Emerito Cosimo De Matteis e saluti del Presidente Nazionale Ludovico Abbaticchio. Alle ore 17.00 vi sar\u00e0 l\u2019assemblea di ASSIMEFAC (Associazione Societ\u00e0 Scientifica Interdisciplinare e di Medicina di Famiglia e Comunit\u00e0).<br>La seconda sessione, sabato 8 ottobre 2022 ore 8.00, sar\u00e0 di carattere scientifico e si occuper\u00e0 della gestione delle patologie croniche al tempo del Covid 19 sul territorio nazionale con la partecipazione di esperti e di medici; responsabile scientifico della sessione sar\u00e0 Mario Iovane.<br>La terza sessione sabato 8 ottobre 2020 ore 9.30 con la relazione del Segretario Generale S.M.I. uscente Giuseppina Onotri. La terza sessione durer\u00e0 l\u2019intera giornata, con gli interventi delle altre forze sindacali invitate, dei rappresentati delle istituzioni e delle forze politiche.<br>La quarta sessione, domenica 9 ottobre 2022 ore 10.00, insediamento dei nuovi organi statutari\u201d.<\/p>\n<p><em><strong><span style=\"font-family: georgia, palatino;\">Ufficio Stampa<\/span><\/strong><\/em><\/p>\t\t\t\t\t\t<\/div>\n\t\t\t\t<\/div>\n\t\t\t\t\t<\/div>\n\t\t<\/div>\n\t\t\t\t\t<\/div>\n\t\t<\/section>\n\t\t\t\t<\/div>\n\t\t","protected":false},"excerpt":{"rendered":"<p>Comunicato Stampa L\u2019Italia del dopo pandemia: quale futuro per il SSN? Verso il V Congresso [&hellip;]<\/p>\n","protected":false},"author":2,"featured_media":2912,"comment_status":"closed","ping_status":"open","sticky":false,"template":"","format":"standard","meta":{"footnotes":""},"categories":[6,25,11],"tags":[33,31,38,39,37],"_links":{"self":[{"href":"https:\/\/sindacatomedicitaliani.it\/index.php\/wp-json\/wp\/v2\/posts\/8331"}],"collection":[{"href":"https:\/\/sindacatomedicitaliani.it\/index.php\/wp-json\/wp\/v2\/posts"}],"about":[{"href":"https:\/\/sindacatomedicitaliani.it\/index.php\/wp-json\/wp\/v2\/types\/post"}],"author":[{"embeddable":true,"href":"https:\/\/sindacatomedicitaliani.it\/index.php\/wp-json\/wp\/v2\/users\/2"}],"replies":[{"embeddable":true,"href":"https:\/\/sindacatomedicitaliani.it\/index.php\/wp-json\/wp\/v2\/comments?post=8331"}],"version-history":[{"count":8,"href":"https:\/\/sindacatomedicitaliani.it\/index.php\/wp-json\/wp\/v2\/posts\/8331\/revisions"}],"predecessor-version":[{"id":8339,"href":"https:\/\/sindacatomedicitaliani.it\/index.php\/wp-json\/wp\/v2\/posts\/8331\/revisions\/8339"}],"wp:featuredmedia":[{"embeddable":true,"href":"https:\/\/sindacatomedicitaliani.it\/index.php\/wp-json\/wp\/v2\/media\/2912"}],"wp:attachment":[{"href":"https:\/\/sindacatomedicitaliani.it\/index.php\/wp-json\/wp\/v2\/media?parent=8331"}],"wp:term":[{"taxonomy":"category","embeddable":true,"href":"https:\/\/sindacatomedicitaliani.it\/index.php\/wp-json\/wp\/v2\/categories?post=8331"},{"taxonomy":"post_tag","embeddable":true,"href":"https:\/\/sindacatomedicitaliani.it\/index.php\/wp-json\/wp\/v2\/tags?post=8331"}],"curies":[{"name":"wp","href":"https:\/\/api.w.org\/{rel}","templated":true}]}}