{"id":8347,"date":"2022-10-04T16:32:36","date_gmt":"2022-10-04T14:32:36","guid":{"rendered":"http:\/\/sindacatomedicitaliani.it\/?p=8347"},"modified":"2022-10-04T16:34:00","modified_gmt":"2022-10-04T14:34:00","slug":"comunicato-stampa-dematteis_omcopadova","status":"publish","type":"post","link":"https:\/\/sindacatomedicitaliani.it\/index.php\/2022\/10\/04\/comunicato-stampa-dematteis_omcopadova\/","title":{"rendered":"Comunicato Stampa &#8211; dematteis_omcopadova"},"content":{"rendered":"\t\t<div data-elementor-type=\"wp-post\" data-elementor-id=\"8347\" class=\"elementor elementor-8347\">\n\t\t\t\t\t\t<section class=\"elementor-section elementor-top-section elementor-element elementor-element-548f498e elementor-section-boxed elementor-section-height-default elementor-section-height-default\" data-id=\"548f498e\" data-element_type=\"section\">\n\t\t\t\t\t\t<div class=\"elementor-container elementor-column-gap-default\">\n\t\t\t\t\t<div class=\"elementor-column elementor-col-100 elementor-top-column elementor-element elementor-element-46d278bd\" data-id=\"46d278bd\" data-element_type=\"column\">\n\t\t\t<div class=\"elementor-widget-wrap elementor-element-populated\">\n\t\t\t\t\t\t<div class=\"elementor-element elementor-element-4e65d51 elementor-widget elementor-widget-image\" data-id=\"4e65d51\" data-element_type=\"widget\" data-widget_type=\"image.default\">\n\t\t\t\t<div class=\"elementor-widget-container\">\n\t\t\t\t\t\t\t\t\t\t\t\t\t<img decoding=\"async\" width=\"245\" height=\"138\" src=\"https:\/\/sindacatomedicitaliani.it\/wp-content\/uploads\/2020\/11\/logosmi.jpg\" class=\"attachment-large size-large wp-image-4216\" alt=\"\" \/>\t\t\t\t\t\t\t\t\t\t\t\t\t<\/div>\n\t\t\t\t<\/div>\n\t\t\t\t<div class=\"elementor-element elementor-element-7f2ad2a elementor-widget elementor-widget-text-editor\" data-id=\"7f2ad2a\" data-element_type=\"widget\" data-widget_type=\"text-editor.default\">\n\t\t\t\t<div class=\"elementor-widget-container\">\n\t\t\t\t\t\t\t<h6 style=\"font-variant-ligatures: normal; font-variant-caps: normal; font-style: normal;\"><strong style=\"font-size: 22px;\">Comunicato Stampa<\/strong><\/h6>\t\t\t\t\t\t<\/div>\n\t\t\t\t<\/div>\n\t\t\t\t<div class=\"elementor-element elementor-element-7ba59fc elementor-widget elementor-widget-text-editor\" data-id=\"7ba59fc\" data-element_type=\"widget\" data-widget_type=\"text-editor.default\">\n\t\t\t\t<div class=\"elementor-widget-container\">\n\t\t\t\t\t\t\t<h6><strong>Medici\/polemica sul vestire. <br \/>\u201cIl Presidente dell\u2019Ordine dei medici di Padova sbaglia: giudicare i medici dall\u2019aspetto \u00e8 un errore!\u201d<br \/><br \/><\/strong><strong>Dichiarazione di Cosmo De Matteis, Presidente Emerito Sindacato Medici Italiani (SMI)<\/strong><\/h6>\t\t\t\t\t\t<\/div>\n\t\t\t\t<\/div>\n\t\t\t\t<div class=\"elementor-element elementor-element-34923582 elementor-widget elementor-widget-text-editor\" data-id=\"34923582\" data-element_type=\"widget\" data-widget_type=\"text-editor.default\">\n\t\t\t\t<div class=\"elementor-widget-container\">\n\t\t\t\t\t\t\t<p>Roma, 4 ott. &#8211; \u201cRestiamo basiti dalle dichiarazioni di Domenico Crisar\u00e0, Presidente dell\u2019Ordine dei medici di Padova, che invita i medici a vestirsi, pettinarsi e mostrarsi inappuntabili, anche al di fuori degli studi medici, degli ospedali e sui social. Da eroi al dileggio il passo \u00e8 breve! In questo caso l\u2019abito non fa il monaco!\u201d cos\u00ec Cosmo De Matteis, Presidente Emerito del Sindacato Medici Italiani.<br \/>\u201cI medici del nostro paese sono le figure che i cittadini considerano pi\u00f9 vicine ai loro problemi di salute e quelli di medicina generale stabiliscono con milioni di pazienti italiani un rapporto di fiducia che parte dalla capacit\u00e0 di ascolto, di cura e di assistenza. Nessuno cittadino si mai sognato di esprimere un giudizio sull\u2019aspetto dei medici. Un recente sondaggio a marzo scorso, invece, sanciva che i professionisti della medicina godono della fiducia dell\u201981% degli italiani\u201d.<br \/>\u201cPer queste ragioni ci associamo a chi s\u2019indigna per le dichiarazioni di Crisar\u00e0, mentre siamo sempre pi\u00f9 convinti che occorra impegnarsi per rendere la professione pi\u00f9 attrattiva, bloccando l\u2019esodo all\u2019estero dei giovani medici e impedendo i prepensionamenti di massa\u201d.<br \/>\u201cMolti medici del nostro sindacato, conclude De Matteis, sono impegnati in associazioni solidaristiche internazionali operanti sul campo in Africa. A nessuno di loro \u00e8 mai stato chiesto d\u2019indossare un bell\u2019abito, ma solo di prendersi cura degli ammalati\u201d conclude.<\/p><p><em><strong><span style=\"font-family: georgia, palatino;\">Ufficio Stampa<\/span><\/strong><\/em><\/p>\t\t\t\t\t\t<\/div>\n\t\t\t\t<\/div>\n\t\t\t\t\t<\/div>\n\t\t<\/div>\n\t\t\t\t\t<\/div>\n\t\t<\/section>\n\t\t\t\t<\/div>\n\t\t","protected":false},"excerpt":{"rendered":"<p>Comunicato Stampa Medici\/polemica sul vestire. \u201cIl Presidente dell\u2019Ordine dei medici di Padova sbaglia: giudicare i [&hellip;]<\/p>\n","protected":false},"author":2,"featured_media":2912,"comment_status":"closed","ping_status":"open","sticky":false,"template":"","format":"standard","meta":{"footnotes":""},"categories":[6,25,11],"tags":[33,31,38,39,37],"_links":{"self":[{"href":"https:\/\/sindacatomedicitaliani.it\/index.php\/wp-json\/wp\/v2\/posts\/8347"}],"collection":[{"href":"https:\/\/sindacatomedicitaliani.it\/index.php\/wp-json\/wp\/v2\/posts"}],"about":[{"href":"https:\/\/sindacatomedicitaliani.it\/index.php\/wp-json\/wp\/v2\/types\/post"}],"author":[{"embeddable":true,"href":"https:\/\/sindacatomedicitaliani.it\/index.php\/wp-json\/wp\/v2\/users\/2"}],"replies":[{"embeddable":true,"href":"https:\/\/sindacatomedicitaliani.it\/index.php\/wp-json\/wp\/v2\/comments?post=8347"}],"version-history":[{"count":5,"href":"https:\/\/sindacatomedicitaliani.it\/index.php\/wp-json\/wp\/v2\/posts\/8347\/revisions"}],"predecessor-version":[{"id":8352,"href":"https:\/\/sindacatomedicitaliani.it\/index.php\/wp-json\/wp\/v2\/posts\/8347\/revisions\/8352"}],"wp:featuredmedia":[{"embeddable":true,"href":"https:\/\/sindacatomedicitaliani.it\/index.php\/wp-json\/wp\/v2\/media\/2912"}],"wp:attachment":[{"href":"https:\/\/sindacatomedicitaliani.it\/index.php\/wp-json\/wp\/v2\/media?parent=8347"}],"wp:term":[{"taxonomy":"category","embeddable":true,"href":"https:\/\/sindacatomedicitaliani.it\/index.php\/wp-json\/wp\/v2\/categories?post=8347"},{"taxonomy":"post_tag","embeddable":true,"href":"https:\/\/sindacatomedicitaliani.it\/index.php\/wp-json\/wp\/v2\/tags?post=8347"}],"curies":[{"name":"wp","href":"https:\/\/api.w.org\/{rel}","templated":true}]}}