{"id":8353,"date":"2022-10-05T11:27:55","date_gmt":"2022-10-05T09:27:55","guid":{"rendered":"http:\/\/sindacatomedicitaliani.it\/?p=8353"},"modified":"2022-10-05T11:29:30","modified_gmt":"2022-10-05T09:29:30","slug":"comunicato-stampa-indagine_assimefac","status":"publish","type":"post","link":"https:\/\/sindacatomedicitaliani.it\/index.php\/2022\/10\/05\/comunicato-stampa-indagine_assimefac\/","title":{"rendered":"Comunicato Stampa &#8211; indagine_assimefac"},"content":{"rendered":"\t\t<div data-elementor-type=\"wp-post\" data-elementor-id=\"8353\" class=\"elementor elementor-8353\">\n\t\t\t\t\t\t<section class=\"elementor-section elementor-top-section elementor-element elementor-element-548f498e elementor-section-boxed elementor-section-height-default elementor-section-height-default\" data-id=\"548f498e\" data-element_type=\"section\">\n\t\t\t\t\t\t<div class=\"elementor-container elementor-column-gap-default\">\n\t\t\t\t\t<div class=\"elementor-column elementor-col-100 elementor-top-column elementor-element elementor-element-46d278bd\" data-id=\"46d278bd\" data-element_type=\"column\">\n\t\t\t<div class=\"elementor-widget-wrap elementor-element-populated\">\n\t\t\t\t\t\t<div class=\"elementor-element elementor-element-4e65d51 elementor-widget elementor-widget-image\" data-id=\"4e65d51\" data-element_type=\"widget\" data-widget_type=\"image.default\">\n\t\t\t\t<div class=\"elementor-widget-container\">\n\t\t\t\t\t\t\t\t\t\t\t\t\t<img decoding=\"async\" width=\"245\" height=\"138\" src=\"https:\/\/sindacatomedicitaliani.it\/wp-content\/uploads\/2020\/11\/logosmi.jpg\" class=\"attachment-large size-large wp-image-4216\" alt=\"\" \/>\t\t\t\t\t\t\t\t\t\t\t\t\t<\/div>\n\t\t\t\t<\/div>\n\t\t\t\t<div class=\"elementor-element elementor-element-7f2ad2a elementor-widget elementor-widget-text-editor\" data-id=\"7f2ad2a\" data-element_type=\"widget\" data-widget_type=\"text-editor.default\">\n\t\t\t\t<div class=\"elementor-widget-container\">\n\t\t\t\t\t\t\t<h6 style=\"font-variant-ligatures: normal; font-variant-caps: normal; font-style: normal;\"><strong style=\"font-size: 22px;\">Comunicato Stampa<\/strong><\/h6>\t\t\t\t\t\t<\/div>\n\t\t\t\t<\/div>\n\t\t\t\t<div class=\"elementor-element elementor-element-7ba59fc elementor-widget elementor-widget-text-editor\" data-id=\"7ba59fc\" data-element_type=\"widget\" data-widget_type=\"text-editor.default\">\n\t\t\t\t<div class=\"elementor-widget-container\">\n\t\t\t\t\t\t\t<h6><strong>Indagine sull\u2019istituzione della scuola di specializzazione universitaria in medicina generale<\/strong><\/h6><h6><strong>A cura di Leonida Iannantuoni, Presidente CTS ASSIMEFAC e <br \/>Giovanni Battista D\u2019Errico, Responsabile Area di Oncologia e Cure Palliative ASSIMEFAC<\/strong> <\/h6>\t\t\t\t\t\t<\/div>\n\t\t\t\t<\/div>\n\t\t\t\t<div class=\"elementor-element elementor-element-34923582 elementor-widget elementor-widget-text-editor\" data-id=\"34923582\" data-element_type=\"widget\" data-widget_type=\"text-editor.default\">\n\t\t\t\t<div class=\"elementor-widget-container\">\n\t\t\t\t\t\t\t<p>Roma, 5 ott. &#8211; \u201cL\u2019ASSIMEFAC (Associazione Societ\u00e0 Scientifica Interdisciplinare e di Medicina di Famiglia e Comunit\u00e0) ritiene che sia improcrastinabile sanare il divario formativo, inerente alla medicina generale\/medicina di famiglia, tra la realt\u00e0 italiana e quella della stragrande maggioranza dei paesi europei ed extra europei ove, la medicina generale\/medicina di famiglia, \u00e8 materia di studio nel percorso di laurea e di specializzazione al pari di altre discipline mediche. Per tale motivo si \u00e8 ritenuto opportuno conoscere il parere dei colleghi medici\u201d cos\u00ec Leonida Iannantuoni Presidente CTS ASSIMEFAC e Giovanni Battista D\u2019Errico, Resp. Area di Oncologia e Cure Palliative ASSIMEFAC presentato i risultati dell\u2019indagine effettuata.<\/p><p><strong>Materiali e metodi<\/strong><\/p><p>\u00c8 stato somministrato, tramite web e testate di settore, per la durata di giorni dieci, un questionario con dodici items inerenti sesso, et\u00e0, professione principale, numero di eventuali assisti in carico, tipologia di svolgimento dell\u2019attivit\u00e0 di medico di medicina generale, conoscenza della realt\u00e0 formativa europea ed extra europea.<br \/>Il questionario ha indagato:<\/p><ol><li>a) Il parere dei colleghi circa l\u2019opportunit\u00e0, per i medici di medicina generale (MMG), di accedere alla carriera universitaria.<\/li><li>b) I vantaggi sia per i MMG, sia per i medici in formazione, nonch\u00e9 per la qualit\u00e0 dell\u2019assistenza sanitaria derivanti dall\u2019istituzione di una scuola di specializzazione universitaria in medicina generale.<\/li><li>c) L\u2019 ultimo quesito chiede di esprimere parere, favorevole o contrario, all\u2019istituzione di una scuola di specializzazione universitaria in medicina generale.<\/li><\/ol><p><strong>Risultati<br \/><\/strong>Il questionario \u00e8 stato compilato da 428 Colleghi di cui uomini il 63,80% e donne 36,20%. La fascia di et\u00e0 maggiormente rappresentata \u00e8 stata quella di oltre 51 anni (45,60%).<br \/>Il 63,10% dei colleghi, che hanno risposto al questionario, svolge l\u2019attivit\u00e0 di medico di medicina generale con oltre 1000 assisti in carico (48,30%), complessivamente il 28,20% svolge l\u2019attivit\u00e0 professionale in medicina di gruppo. L\u201984,20% degli intervistati dichiara di essere a conoscenza che, in nazioni U.E. ed extra U.E. , esistono scuole di specializzazione universitaria in medicina generale ed il 92,60% dichiara di essere favorevole alla possibilit\u00e0, per i medici di medicina generale, di accedere alla carriera universitaria.<\/p><p>L\u201986,90% dei colleghi intervistati si dichiara favorevole all\u2019adozione, tramite una scuola di specializzazione universitaria, di un unico core curriculum ed l\u2019 87,20%, bocciando l\u2019attuale criterio formativo basato su corsi di formazione a gestione regionale, ritiene che una scuola di specializzazione universitaria porterebbe ad una migliore preparazione dei colleghi in formazione.<br \/>Per quanto concerne l\u2019aggiornamento professionale dei MMG il parere prevalente degli intervistati (82,90%) \u00e8 orientato favorevolmente all\u2019istituzione di una scuola di specializzazione. Infine, l\u201984,20% degli intervistati reputa che una scuola di specializzazione potrebbe rilanciare, tra i giovani, la professione del medico di medicina generale ed l\u201989,60% si dichiara favorevole all\u2019istituzione, anche in Italia, di scuole di specializzazione universitaria in medicina generale.<\/p>\t\t\t\t\t\t<\/div>\n\t\t\t\t<\/div>\n\t\t\t\t<div class=\"elementor-element elementor-element-0eea49d elementor-widget elementor-widget-image\" data-id=\"0eea49d\" data-element_type=\"widget\" data-widget_type=\"image.default\">\n\t\t\t\t<div class=\"elementor-widget-container\">\n\t\t\t\t\t\t\t\t\t\t\t\t\t<img fetchpriority=\"high\" decoding=\"async\" width=\"630\" height=\"446\" src=\"https:\/\/sindacatomedicitaliani.it\/wp-content\/uploads\/2022\/10\/1-1.jpg\" class=\"attachment-medium_large size-medium_large wp-image-8355\" alt=\"\" srcset=\"https:\/\/sindacatomedicitaliani.it\/wp-content\/uploads\/2022\/10\/1-1.jpg 630w, https:\/\/sindacatomedicitaliani.it\/wp-content\/uploads\/2022\/10\/1-1-300x212.jpg 300w\" sizes=\"(max-width: 630px) 100vw, 630px\" \/>\t\t\t\t\t\t\t\t\t\t\t\t\t<\/div>\n\t\t\t\t<\/div>\n\t\t\t\t<div class=\"elementor-element elementor-element-3ef9c02 elementor-widget elementor-widget-image\" data-id=\"3ef9c02\" data-element_type=\"widget\" data-widget_type=\"image.default\">\n\t\t\t\t<div class=\"elementor-widget-container\">\n\t\t\t\t\t\t\t\t\t\t\t\t\t<img decoding=\"async\" width=\"630\" height=\"584\" src=\"https:\/\/sindacatomedicitaliani.it\/wp-content\/uploads\/2022\/10\/2-1.jpg\" class=\"attachment-large size-large wp-image-8356\" alt=\"\" srcset=\"https:\/\/sindacatomedicitaliani.it\/wp-content\/uploads\/2022\/10\/2-1.jpg 630w, https:\/\/sindacatomedicitaliani.it\/wp-content\/uploads\/2022\/10\/2-1-300x278.jpg 300w\" sizes=\"(max-width: 630px) 100vw, 630px\" \/>\t\t\t\t\t\t\t\t\t\t\t\t\t<\/div>\n\t\t\t\t<\/div>\n\t\t\t\t\t<\/div>\n\t\t<\/div>\n\t\t\t\t\t<\/div>\n\t\t<\/section>\n\t\t\t\t<section class=\"elementor-section elementor-top-section elementor-element elementor-element-823deba elementor-section-boxed elementor-section-height-default elementor-section-height-default\" data-id=\"823deba\" data-element_type=\"section\">\n\t\t\t\t\t\t<div class=\"elementor-container elementor-column-gap-default\">\n\t\t\t\t\t<div class=\"elementor-column elementor-col-100 elementor-top-column elementor-element elementor-element-9d1d925\" data-id=\"9d1d925\" data-element_type=\"column\">\n\t\t\t<div class=\"elementor-widget-wrap elementor-element-populated\">\n\t\t\t\t\t\t<div class=\"elementor-element elementor-element-c23eadf elementor-widget elementor-widget-image\" data-id=\"c23eadf\" data-element_type=\"widget\" data-widget_type=\"image.default\">\n\t\t\t\t<div class=\"elementor-widget-container\">\n\t\t\t\t\t\t\t\t\t\t\t\t\t<img loading=\"lazy\" decoding=\"async\" width=\"639\" height=\"515\" src=\"https:\/\/sindacatomedicitaliani.it\/wp-content\/uploads\/2022\/10\/3-1.jpg\" class=\"attachment-large size-large wp-image-8357\" alt=\"\" srcset=\"https:\/\/sindacatomedicitaliani.it\/wp-content\/uploads\/2022\/10\/3-1.jpg 639w, https:\/\/sindacatomedicitaliani.it\/wp-content\/uploads\/2022\/10\/3-1-300x242.jpg 300w\" sizes=\"(max-width: 639px) 100vw, 639px\" \/>\t\t\t\t\t\t\t\t\t\t\t\t\t<\/div>\n\t\t\t\t<\/div>\n\t\t\t\t\t<\/div>\n\t\t<\/div>\n\t\t\t\t\t<\/div>\n\t\t<\/section>\n\t\t\t\t<section class=\"elementor-section elementor-top-section elementor-element elementor-element-9eacd24 elementor-section-boxed elementor-section-height-default elementor-section-height-default\" data-id=\"9eacd24\" data-element_type=\"section\">\n\t\t\t\t\t\t<div class=\"elementor-container elementor-column-gap-default\">\n\t\t\t\t\t<div class=\"elementor-column elementor-col-100 elementor-top-column elementor-element elementor-element-1e44094\" data-id=\"1e44094\" data-element_type=\"column\">\n\t\t\t<div class=\"elementor-widget-wrap elementor-element-populated\">\n\t\t\t\t\t\t<div class=\"elementor-element elementor-element-ccba594 elementor-widget elementor-widget-text-editor\" data-id=\"ccba594\" data-element_type=\"widget\" data-widget_type=\"text-editor.default\">\n\t\t\t\t<div class=\"elementor-widget-container\">\n\t\t\t\t\t\t\t<p><span style=\"font-size: 14.0pt;\">Conclusioni<\/span><b><span style=\"font-size: 14.0pt;\"><br \/><\/span><\/b><span style=\"font-size: 14.0pt;\">Indipendentemente da et\u00e0 e ruolo professionale svolto, la quasi totalit\u00e0 degli intervistati (89,60%) ritiene che sia opportuno ed improcrastinabile, equiparare ad altre realt\u00e0 internazionali la formazione dei medici di medicina generale tramite l\u2019istituzione di vere e proprie scuole di specializzazione universitaria in medicina generale.<\/span><\/p><p><em><strong><span style=\"font-size: 14.0pt;\">Ufficio Stampa<\/span><\/strong><\/em><\/p>\t\t\t\t\t\t<\/div>\n\t\t\t\t<\/div>\n\t\t\t\t\t<\/div>\n\t\t<\/div>\n\t\t\t\t\t<\/div>\n\t\t<\/section>\n\t\t\t\t<\/div>\n\t\t","protected":false},"excerpt":{"rendered":"<p>Comunicato Stampa Indagine sull\u2019istituzione della scuola di specializzazione universitaria in medicina generale A cura di [&hellip;]<\/p>\n","protected":false},"author":4,"featured_media":2912,"comment_status":"closed","ping_status":"open","sticky":false,"template":"","format":"standard","meta":{"footnotes":""},"categories":[6,25,11],"tags":[33,31,38,39,37],"_links":{"self":[{"href":"https:\/\/sindacatomedicitaliani.it\/index.php\/wp-json\/wp\/v2\/posts\/8353"}],"collection":[{"href":"https:\/\/sindacatomedicitaliani.it\/index.php\/wp-json\/wp\/v2\/posts"}],"about":[{"href":"https:\/\/sindacatomedicitaliani.it\/index.php\/wp-json\/wp\/v2\/types\/post"}],"author":[{"embeddable":true,"href":"https:\/\/sindacatomedicitaliani.it\/index.php\/wp-json\/wp\/v2\/users\/4"}],"replies":[{"embeddable":true,"href":"https:\/\/sindacatomedicitaliani.it\/index.php\/wp-json\/wp\/v2\/comments?post=8353"}],"version-history":[{"count":6,"href":"https:\/\/sindacatomedicitaliani.it\/index.php\/wp-json\/wp\/v2\/posts\/8353\/revisions"}],"predecessor-version":[{"id":8362,"href":"https:\/\/sindacatomedicitaliani.it\/index.php\/wp-json\/wp\/v2\/posts\/8353\/revisions\/8362"}],"wp:featuredmedia":[{"embeddable":true,"href":"https:\/\/sindacatomedicitaliani.it\/index.php\/wp-json\/wp\/v2\/media\/2912"}],"wp:attachment":[{"href":"https:\/\/sindacatomedicitaliani.it\/index.php\/wp-json\/wp\/v2\/media?parent=8353"}],"wp:term":[{"taxonomy":"category","embeddable":true,"href":"https:\/\/sindacatomedicitaliani.it\/index.php\/wp-json\/wp\/v2\/categories?post=8353"},{"taxonomy":"post_tag","embeddable":true,"href":"https:\/\/sindacatomedicitaliani.it\/index.php\/wp-json\/wp\/v2\/tags?post=8353"}],"curies":[{"name":"wp","href":"https:\/\/api.w.org\/{rel}","templated":true}]}}