{"id":8365,"date":"2022-10-07T11:28:11","date_gmt":"2022-10-07T09:28:11","guid":{"rendered":"http:\/\/sindacatomedicitaliani.it\/?p=8365"},"modified":"2022-10-07T11:42:30","modified_gmt":"2022-10-07T09:42:30","slug":"comunicato-stampa-vcongresso","status":"publish","type":"post","link":"https:\/\/sindacatomedicitaliani.it\/index.php\/2022\/10\/07\/comunicato-stampa-vcongresso\/","title":{"rendered":"Comunicato Stampa &#8211; Vcongresso"},"content":{"rendered":"\t\t<div data-elementor-type=\"wp-post\" data-elementor-id=\"8365\" class=\"elementor elementor-8365\">\n\t\t\t\t\t\t<section class=\"elementor-section elementor-top-section elementor-element elementor-element-548f498e elementor-section-boxed elementor-section-height-default elementor-section-height-default\" data-id=\"548f498e\" data-element_type=\"section\">\n\t\t\t\t\t\t<div class=\"elementor-container elementor-column-gap-default\">\n\t\t\t\t\t<div class=\"elementor-column elementor-col-100 elementor-top-column elementor-element elementor-element-46d278bd\" data-id=\"46d278bd\" data-element_type=\"column\">\n\t\t\t<div class=\"elementor-widget-wrap elementor-element-populated\">\n\t\t\t\t\t\t<div class=\"elementor-element elementor-element-4e65d51 elementor-widget elementor-widget-image\" data-id=\"4e65d51\" data-element_type=\"widget\" data-widget_type=\"image.default\">\n\t\t\t\t<div class=\"elementor-widget-container\">\n\t\t\t\t\t\t\t\t\t\t\t\t\t<img decoding=\"async\" width=\"245\" height=\"138\" src=\"https:\/\/sindacatomedicitaliani.it\/wp-content\/uploads\/2020\/11\/logosmi.jpg\" class=\"attachment-large size-large wp-image-4216\" alt=\"\" \/>\t\t\t\t\t\t\t\t\t\t\t\t\t<\/div>\n\t\t\t\t<\/div>\n\t\t\t\t<div class=\"elementor-element elementor-element-7f2ad2a elementor-widget elementor-widget-text-editor\" data-id=\"7f2ad2a\" data-element_type=\"widget\" data-widget_type=\"text-editor.default\">\n\t\t\t\t<div class=\"elementor-widget-container\">\n\t\t\t\t\t\t\t<h6 style=\"font-variant-ligatures: normal; font-variant-caps: normal; font-style: normal;\"><strong style=\"font-size: 22px;\">Comunicato Stampa<\/strong><\/h6>\t\t\t\t\t\t<\/div>\n\t\t\t\t<\/div>\n\t\t\t\t<div class=\"elementor-element elementor-element-7ba59fc elementor-widget elementor-widget-text-editor\" data-id=\"7ba59fc\" data-element_type=\"widget\" data-widget_type=\"text-editor.default\">\n\t\t\t\t<div class=\"elementor-widget-container\">\n\t\t\t\t\t\t\t<h6><strong>L\u2019Italia del dopo pandemia: quale futuro per il SSN? <\/strong><br \/><strong>V Congresso Nazionale del Sindacato Medici Italiani<br \/><\/strong><strong>7\/8\/9 ottobre 2022 Tivoli (RM)<\/strong><\/h6><h6><strong>Nota della Segreteria Nazionale SMI<\/strong><\/h6>\t\t\t\t\t\t<\/div>\n\t\t\t\t<\/div>\n\t\t\t\t<div class=\"elementor-element elementor-element-34923582 elementor-widget elementor-widget-text-editor\" data-id=\"34923582\" data-element_type=\"widget\" data-widget_type=\"text-editor.default\">\n\t\t\t\t<div class=\"elementor-widget-container\">\n\t\t\t\t\t\t\t<p>Roma, 7 ott. &#8211; \u201cInizia oggi e continuer\u00e0 l\u20198 e il 9 ottobre 2022 presso l\u2019Hotel Gran Duca D\u2019Este di Tivoli (RM) il V Congresso Nazionale Sindacato Medici Italiani (SMI) intitolato \u201cL\u2019Italia del dopo pandemia: quale futuro per il SSN?\u201d, cos\u00ec una nota della segreteria nazionale SMI. <br>\u201cIl congresso, che torna in presenza dopo tre anni, far\u00e0 i conti con le sfide che il Piano di Ripresa e Resilienza impone alla sanit\u00e0 e alla medicina con uno sguardo attento alle scelte del prossimo parlamento. Il Servizio Sanitario Nazionale \u00e8 stato messo a dura prova dalla pandemia che ha evidenziato profonde deficienze del sevizio sanitario a partire dalla medicina dell\u2019emergenza\/ urgenza, un sistema gi\u00e0 in profonda crisi d\u2019identit\u00e0 a causa dei disomogenei modelli organizzativi, per la difformit\u00e0 dell\u2019offerta di salute sul territorio nazionale, per la frammentazione di competenze, per la diversit\u00e0 dei percorsi formativi degli operatori sanitari.<span style=\"text-decoration: line-through;\"> <br><\/span>Per queste ragioni riteniamo che il progetto di Autonomia Differenziata debba essere accantonato, alla luce della pandemia da covid che ha evidenziato le inefficienze del nostro modello di sistema sanitario a partire da quello di alcune regioni del Nord dimostratosi fallimentare nella lotta al covid. Nel nord del paese \u00e8 stata cancellata la maggior parte della rete dei servizi territoriali pubblici, affidando l\u2019erogazione delle prestazioni domiciliari ad agenzie private e instaurato in campo ospedaliero una concorrenza tra settore pubblico e settore privato, fortemente squilibrata a favore del secondo. Il covid 19 \u00e8 stato arginato solo grazie all\u2019azione di coordinamento dello Stato. Siamo contrari, a qualsiasi ipotesi che metta in pratica uno stravolgimento dell\u2019azione redistributiva dello Stato legata alla fiscalit\u00e0 generale e alla gestione in toto, senza pi\u00f9 una compartecipazione nazionale, alle regioni di servizi come quelli erogati dalla sanit\u00e0.<br>I cittadini delle regioni pi\u00f9 deboli godono di un minore livello di servizi pubblici, in quantit\u00e0 e in qualit\u00e0, rispetto agli altri italiani; particolarmente nella sanit\u00e0 e nell\u2019assistenza. In questo senso, con l\u2019autarchia regionale, cio\u00e8 attribuendo ai territori che esprimono un PIL pi\u00f9 alto regionale maggiori servizi, il Servizio Sanitario nazionale potrebbe abbandonare il suo carattere omogeneo e trasformarsi in una somma di servizi sanitari regionali. Siamo dinanzi al tentativo di affossare lo stato sociale, cos\u00ec come \u00e8 stato disegnato in questi ultimi anni. In questo modo non si rispetterebbe quello che prevede l\u2019articolo 32 della Costituzione che tutela la salute come fondamentale diritto dell&#8217;individuo e interesse della collettivit\u00e0, e garantisce cure gratuite agli indigenti, in tutto il territorio della nostra Repubblica.<br>Ribadiamo, il nostro incondizionato sostegno a favore di un servizio sanitario pubblico, equo, accessibile e universale e la nostra contrariet\u00e0 all\u2019autonomia differenziata.<br>Il congresso sar\u00e0 articolato in quattro sessioni, di cui una scientifica. La prima sessione oggi venerd\u00ec 7 ottobre 2022 ore 15.00 con apertura dei lavori con i saluti del Presidente Emerito, Cosmo De Matteis e i saluti del Presidente Nazionale Ludovico Abbaticchio. Alle ore 17.00 vi sar\u00e0 l\u2019assemblea di ASSIMEFAC (Associazione Societ\u00e0 Scientifica Interdisciplinare e di Medicina di Famiglia e Comunit\u00e0).<br>La seconda sessione, sabato 8 ottobre 2022 ore 8.00, sar\u00e0 di carattere scientifico e si occuper\u00e0 della gestione delle patologie croniche al tempo del Covid 19 sul territorio nazionale con la partecipazione di esperti e di medici; responsabile scientifico della sessione sar\u00e0 Mario Iovane.<br>La terza sessione sabato 8 ottobre 2020 ore 9.30 con la relazione del Segretario Generale S.M.I. uscente Giuseppina Onotri. La terza sessione durer\u00e0 l\u2019intera giornata, con gli interventi delle altre forze sindacali invitate, dei rappresentati delle istituzioni e delle forze politiche.<br>La quarta sessione, domenica 9 ottobre 2022 ore 10.00, insediamento dei nuovi organi statutari\u201d.<\/p>\n<p><em><strong>Ufficio Stampa<\/strong><\/em><\/p>\t\t\t\t\t\t<\/div>\n\t\t\t\t<\/div>\n\t\t\t\t\t<\/div>\n\t\t<\/div>\n\t\t\t\t\t<\/div>\n\t\t<\/section>\n\t\t\t\t<section class=\"elementor-section elementor-top-section elementor-element elementor-element-5e3f5e9 elementor-section-boxed elementor-section-height-default elementor-section-height-default\" data-id=\"5e3f5e9\" data-element_type=\"section\">\n\t\t\t\t\t\t<div class=\"elementor-container elementor-column-gap-default\">\n\t\t\t\t\t<div class=\"elementor-column elementor-col-50 elementor-top-column elementor-element elementor-element-bc4c233\" data-id=\"bc4c233\" data-element_type=\"column\">\n\t\t\t<div class=\"elementor-widget-wrap elementor-element-populated\">\n\t\t\t\t\t\t<div class=\"elementor-element elementor-element-3ff76e9 elementor-widget elementor-widget-image\" data-id=\"3ff76e9\" data-element_type=\"widget\" data-widget_type=\"image.default\">\n\t\t\t\t<div class=\"elementor-widget-container\">\n\t\t\t\t\t\t\t\t\t\t\t\t\t<img fetchpriority=\"high\" decoding=\"async\" width=\"580\" height=\"819\" src=\"https:\/\/sindacatomedicitaliani.it\/wp-content\/uploads\/2022\/10\/Cattura.jpg\" class=\"attachment-large size-large wp-image-8371\" alt=\"\" srcset=\"https:\/\/sindacatomedicitaliani.it\/wp-content\/uploads\/2022\/10\/Cattura.jpg 580w, https:\/\/sindacatomedicitaliani.it\/wp-content\/uploads\/2022\/10\/Cattura-212x300.jpg 212w\" sizes=\"(max-width: 580px) 100vw, 580px\" \/>\t\t\t\t\t\t\t\t\t\t\t\t\t<\/div>\n\t\t\t\t<\/div>\n\t\t\t\t\t<\/div>\n\t\t<\/div>\n\t\t\t\t<div class=\"elementor-column elementor-col-50 elementor-top-column elementor-element elementor-element-a1e48c8\" data-id=\"a1e48c8\" data-element_type=\"column\">\n\t\t\t<div class=\"elementor-widget-wrap elementor-element-populated\">\n\t\t\t\t\t\t<div class=\"elementor-element elementor-element-1d10940 elementor-widget elementor-widget-image\" data-id=\"1d10940\" data-element_type=\"widget\" data-widget_type=\"image.default\">\n\t\t\t\t<div class=\"elementor-widget-container\">\n\t\t\t\t\t\t\t\t\t\t\t\t\t<img decoding=\"async\" width=\"580\" height=\"821\" src=\"https:\/\/sindacatomedicitaliani.it\/wp-content\/uploads\/2022\/10\/Cattura2.jpg\" class=\"attachment-large size-large wp-image-8372\" alt=\"\" srcset=\"https:\/\/sindacatomedicitaliani.it\/wp-content\/uploads\/2022\/10\/Cattura2.jpg 580w, https:\/\/sindacatomedicitaliani.it\/wp-content\/uploads\/2022\/10\/Cattura2-212x300.jpg 212w\" sizes=\"(max-width: 580px) 100vw, 580px\" \/>\t\t\t\t\t\t\t\t\t\t\t\t\t<\/div>\n\t\t\t\t<\/div>\n\t\t\t\t\t<\/div>\n\t\t<\/div>\n\t\t\t\t\t<\/div>\n\t\t<\/section>\n\t\t\t\t<\/div>\n\t\t","protected":false},"excerpt":{"rendered":"<p>Comunicato Stampa L\u2019Italia del dopo pandemia: quale futuro per il SSN? V Congresso Nazionale del [&hellip;]<\/p>\n","protected":false},"author":2,"featured_media":2912,"comment_status":"closed","ping_status":"open","sticky":false,"template":"","format":"standard","meta":{"footnotes":""},"categories":[6,25,11],"tags":[33,31,38,39,37],"_links":{"self":[{"href":"https:\/\/sindacatomedicitaliani.it\/index.php\/wp-json\/wp\/v2\/posts\/8365"}],"collection":[{"href":"https:\/\/sindacatomedicitaliani.it\/index.php\/wp-json\/wp\/v2\/posts"}],"about":[{"href":"https:\/\/sindacatomedicitaliani.it\/index.php\/wp-json\/wp\/v2\/types\/post"}],"author":[{"embeddable":true,"href":"https:\/\/sindacatomedicitaliani.it\/index.php\/wp-json\/wp\/v2\/users\/2"}],"replies":[{"embeddable":true,"href":"https:\/\/sindacatomedicitaliani.it\/index.php\/wp-json\/wp\/v2\/comments?post=8365"}],"version-history":[{"count":9,"href":"https:\/\/sindacatomedicitaliani.it\/index.php\/wp-json\/wp\/v2\/posts\/8365\/revisions"}],"predecessor-version":[{"id":8376,"href":"https:\/\/sindacatomedicitaliani.it\/index.php\/wp-json\/wp\/v2\/posts\/8365\/revisions\/8376"}],"wp:featuredmedia":[{"embeddable":true,"href":"https:\/\/sindacatomedicitaliani.it\/index.php\/wp-json\/wp\/v2\/media\/2912"}],"wp:attachment":[{"href":"https:\/\/sindacatomedicitaliani.it\/index.php\/wp-json\/wp\/v2\/media?parent=8365"}],"wp:term":[{"taxonomy":"category","embeddable":true,"href":"https:\/\/sindacatomedicitaliani.it\/index.php\/wp-json\/wp\/v2\/categories?post=8365"},{"taxonomy":"post_tag","embeddable":true,"href":"https:\/\/sindacatomedicitaliani.it\/index.php\/wp-json\/wp\/v2\/tags?post=8365"}],"curies":[{"name":"wp","href":"https:\/\/api.w.org\/{rel}","templated":true}]}}