{"id":8377,"date":"2022-10-08T16:22:00","date_gmt":"2022-10-08T14:22:00","guid":{"rendered":"http:\/\/sindacatomedicitaliani.it\/?p=8377"},"modified":"2022-10-08T16:23:31","modified_gmt":"2022-10-08T14:23:31","slug":"comunicato-stampa-dalcongresso_onotri","status":"publish","type":"post","link":"https:\/\/sindacatomedicitaliani.it\/index.php\/2022\/10\/08\/comunicato-stampa-dalcongresso_onotri\/","title":{"rendered":"Comunicato Stampa &#8211; dalcongresso_onotri"},"content":{"rendered":"\t\t<div data-elementor-type=\"wp-post\" data-elementor-id=\"8377\" class=\"elementor elementor-8377\">\n\t\t\t\t\t\t<section class=\"elementor-section elementor-top-section elementor-element elementor-element-548f498e elementor-section-boxed elementor-section-height-default elementor-section-height-default\" data-id=\"548f498e\" data-element_type=\"section\">\n\t\t\t\t\t\t<div class=\"elementor-container elementor-column-gap-default\">\n\t\t\t\t\t<div class=\"elementor-column elementor-col-100 elementor-top-column elementor-element elementor-element-46d278bd\" data-id=\"46d278bd\" data-element_type=\"column\">\n\t\t\t<div class=\"elementor-widget-wrap elementor-element-populated\">\n\t\t\t\t\t\t<div class=\"elementor-element elementor-element-4e65d51 elementor-widget elementor-widget-image\" data-id=\"4e65d51\" data-element_type=\"widget\" data-widget_type=\"image.default\">\n\t\t\t\t<div class=\"elementor-widget-container\">\n\t\t\t\t\t\t\t\t\t\t\t\t\t<img decoding=\"async\" width=\"245\" height=\"138\" src=\"https:\/\/sindacatomedicitaliani.it\/wp-content\/uploads\/2020\/11\/logosmi.jpg\" class=\"attachment-large size-large wp-image-4216\" alt=\"\" \/>\t\t\t\t\t\t\t\t\t\t\t\t\t<\/div>\n\t\t\t\t<\/div>\n\t\t\t\t<div class=\"elementor-element elementor-element-7f2ad2a elementor-widget elementor-widget-text-editor\" data-id=\"7f2ad2a\" data-element_type=\"widget\" data-widget_type=\"text-editor.default\">\n\t\t\t\t<div class=\"elementor-widget-container\">\n\t\t\t\t\t\t\t<h6 style=\"font-variant-ligatures: normal; font-variant-caps: normal; font-style: normal;\"><strong style=\"font-size: 22px;\">Comunicato Stampa<\/strong><\/h6>\t\t\t\t\t\t<\/div>\n\t\t\t\t<\/div>\n\t\t\t\t<div class=\"elementor-element elementor-element-7ba59fc elementor-widget elementor-widget-text-editor\" data-id=\"7ba59fc\" data-element_type=\"widget\" data-widget_type=\"text-editor.default\">\n\t\t\t\t<div class=\"elementor-widget-container\">\n\t\t\t\t\t\t\t<h6><strong>V Congresso Nazionale SMI: \u201cIl nuovo Governo riapra il confronto con le rappresentanze dei medici!\u201d<\/strong><\/h6><h6><strong>Dichiarazione di Pina Onotri, Segretario Generale Sindacato Medici italiani (SMI)<\/strong><\/h6>\t\t\t\t\t\t<\/div>\n\t\t\t\t<\/div>\n\t\t\t\t<div class=\"elementor-element elementor-element-34923582 elementor-widget elementor-widget-text-editor\" data-id=\"34923582\" data-element_type=\"widget\" data-widget_type=\"text-editor.default\">\n\t\t\t\t<div class=\"elementor-widget-container\">\n\t\t\t\t\t\t\t<p>Roma, 8 ott.- \u201cOccorre rimettere mano, con un nuovo patto sociale, al rapporto medico &#8211; paziente, al rafforzamento della medicina territoriale e di quella ospedaliera, ad una pi\u00f9 forte integrazione socio sanitaria, alla necessit\u00e0 di difendere il carattere pubblico e universale del nostro SSN dinnanzi ad una sempre pi\u00f9 incalzante iniziativa privata che tende a sottrarre servizi alle persone e pazienti al settore pubblico. Serve lavorare all\u2019istituzione di una scuola di specializzazione per la medicina generale, allo stesso tempo vi \u00e8 la necessit\u00e0 di una maggiore tutela della salute dei medici e dei sanitari e segnalare, come abbiamo gi\u00e0 fatto al Ministro della Salute, la necessit\u00e0 di politiche attive per le pari opportunit\u00e0 in sanit\u00e0\u201d \u00e8 quello che afferma Pina Onotri, Segretario Generale dello SMI nella sua relazione al V congresso nazionale dello SMI che si svolge a Tivoli.<br>\u201cChiediamo che si adottino tutte le iniziative per recuperare e valorizzare il ruolo del medico di medicina generale e del pediatra di libera scelta nell&#8217;ambito della riorganizzazione territoriale, assicurando agli stessi la centralit\u00e0 dell&#8217;assistenza territoriale, nell\u2019ottica di un lavoro di equipe con le altre figure dell\u2019assistenza sanitaria, socio sanitaria e sociale, anche nell&#8217;ambito delle case di comunit\u00e0\u201d. <br>\u201cOccorrono misure per intervenire sulla modifica del Titolo V della costituzione ha portato alla nascita di 21 sistemi sanitari regionali diversi, alcuni efficienti ed altri disastrati, ma egualmente tutti al collasso nel fronteggiare la pandemia e se qualcosa di utile ed efficace \u00e8 stato fatto \u00e8 solo grazie all\u2019intervento ed al coordinamento del governo centrale. Conseguenza diretta del federalismo \u00e8 il turismo sanitario, per questo dobbiamo far di tutto affinch\u00e9 ogni cittadino si curi nella propria regione. Per queste ragioni siamo contrari all\u2019autonomia differenziata. <br>\u201cLa pandemia ha acuito le deficienze strutturali del nostro SSN, con particolari criticit\u00e0 sono state riscontrate nel sistema ospedaliero con medici che hanno fatto turni anche di 24 ore di seguito a causa della carenza di personale ed in piena pandemia sono state, di fatto, abolite le specificit\u00e0. La carenza di medici non \u00e8 una novit\u00e0; gi\u00e0 i dati del conto annuale del Tesoro del 2019 certificavano che il 2,9% dei medici ospedalieri aveva deciso di dare le dimissioni, di licenziarsi dal posto il lavoro pubblico prima di andare in pensione. Il sistema di emergenza\/urgenza, inoltre, gi\u00e0 in profonda crisi d\u2019identit\u00e0, \u00e8 stato messo in ginocchio dalla pandemia. Siamo convinti che senza un\u2019emergenza urgenza efficace, senza un servizio di pronto soccorso strutturato e all\u2019altezza delle reali necessit\u00e0, non possa esistere un efficiente Servizio sanitario nazionale. <br>Lo sanno i cittadini che ormai i medici a bordo delle ambulanze sono merce rara?<br>Lo sanno che un medico a bordo fa la differenza tra la vita e la morte?<br>Lo sanno che i pochi in servizio sono sottoposti a turni massacranti senza pause di riposo e se si \u00e8 stanchi l\u2019errore \u00e8 dietro l\u2019angolo? <br>Lo sanno i cittadini che le postazioni di guardia medica sono chiuse o accorpate per mancanza di personale, e chi lavora lo fa spesso in condizioni di rischio?<br>Lo sanno i nostri governanti che tre milioni di italiani sono senza medico di famiglia perch\u00e9 chi pu\u00f2 fugge ed i giovani si guardano bene dallo scegliere la medicina di famiglia come professione? Il nuovo Governo apra il confronto con le rappresentanze dei medici!\u201d.<\/p>\n<p>Esponenti della politica, delle organizzazioni sindacali, delle professioni sono intervenute all\u2019assise di Tivoli dello SMI.<br>\u00c8 intervenuto nel congresso Antonio Magi, Presidente dell\u2019Ordine dei medici di Roma che si \u00e8 soffermato sulle possibili criticit\u00e0 delle case di comunit\u00e0 in merito al ruolo dei medici di medicina generale.<br>Pierino Di Silverio, Segretario Nazionale ANAAO, intervenendo nel dibattito ha affermato che il Ministero della Salute \u00e8 stato commissariato dal MEF, poich\u00e9 il Nadef 2022 (Nota di Aggiornamento del Documento di Economia e Finanza) riduce di 10 miliardi gli investimenti in sanit\u00e0. L\u2019Italia, in questo modo, risulta essere penultima a livello mondiale per rapporto tra Pil e spese per la sanit\u00e0. Occorre intervenire per invertire la rotta dicendo basta alle politiche dei tagli delle risorse per la sanit\u00e0 anche promuovendo l\u2019unit\u00e0 dei sindacati della categoria e puntando su un modello integrato di sanit\u00e0.<br>Andrea Filippi, Segretario Nazionale Fp Cgil Medici, ha auspicato una collaborazione sempre pi\u00f9 stretta nelle vertenze tra la CGIL e lo SMI e che si punti ad un rilancio del SSN. Bisogna dire basta con le divisioni tra i professionisti medici, occorre avere un approccio multiprofessionale ai temi della salute. Abbiamo bisogno, continua Filippi, di rilanciare il ruolo dei sindacati con una distinzione tra le funzioni dell\u2019attivit\u00e0 degli ordini professionali e quella dei sindacati.<br>Mauro Mazzoni, Segretario del SIMET, Sindacato Italiano Medici del Territorio, intervenendo nel dibattito ha affermato che bisogna continuare nella lotta per le tutele del personale medico e frenare la spinta alla privatizzazione della sanit\u00e0.<br>\u00c8 intervenuta, infine, nella discussione congressuale Lucia Parchitelli, Consigliere Regionale del Partito Democratico della Puglia che ha sostenuto la necessit\u00e0 di cogliere le nuove sfide per soddisfare i bisogni di salute a partire da una riduzione dell\u2019inappropriata ospedalizzazione dei pazienti. Il Piano Nazionale di Ripresa e Resilienza non si deve ridurre solo ad investimenti per l\u2019edilizia sanitaria ma riuscire a valorizzare i medici del territorio.<\/p>\n<p><em><strong>Ufficio Stampa<\/strong><\/em><\/p>\t\t\t\t\t\t<\/div>\n\t\t\t\t<\/div>\n\t\t\t\t\t<\/div>\n\t\t<\/div>\n\t\t\t\t\t<\/div>\n\t\t<\/section>\n\t\t\t\t<section class=\"elementor-section elementor-top-section elementor-element elementor-element-5e3f5e9 elementor-section-boxed elementor-section-height-default elementor-section-height-default\" data-id=\"5e3f5e9\" data-element_type=\"section\">\n\t\t\t\t\t\t<div class=\"elementor-container elementor-column-gap-default\">\n\t\t\t\t\t<div class=\"elementor-column elementor-col-50 elementor-top-column elementor-element elementor-element-bc4c233\" data-id=\"bc4c233\" data-element_type=\"column\">\n\t\t\t<div class=\"elementor-widget-wrap elementor-element-populated\">\n\t\t\t\t\t\t<div class=\"elementor-element elementor-element-3ff76e9 elementor-widget elementor-widget-image\" data-id=\"3ff76e9\" data-element_type=\"widget\" data-widget_type=\"image.default\">\n\t\t\t\t<div class=\"elementor-widget-container\">\n\t\t\t\t\t\t\t\t\t\t\t\t\t<img fetchpriority=\"high\" decoding=\"async\" width=\"580\" height=\"819\" src=\"https:\/\/sindacatomedicitaliani.it\/wp-content\/uploads\/2022\/10\/Cattura.jpg\" class=\"attachment-large size-large wp-image-8371\" alt=\"\" srcset=\"https:\/\/sindacatomedicitaliani.it\/wp-content\/uploads\/2022\/10\/Cattura.jpg 580w, https:\/\/sindacatomedicitaliani.it\/wp-content\/uploads\/2022\/10\/Cattura-212x300.jpg 212w\" sizes=\"(max-width: 580px) 100vw, 580px\" \/>\t\t\t\t\t\t\t\t\t\t\t\t\t<\/div>\n\t\t\t\t<\/div>\n\t\t\t\t\t<\/div>\n\t\t<\/div>\n\t\t\t\t<div class=\"elementor-column elementor-col-50 elementor-top-column elementor-element elementor-element-a1e48c8\" data-id=\"a1e48c8\" data-element_type=\"column\">\n\t\t\t<div class=\"elementor-widget-wrap elementor-element-populated\">\n\t\t\t\t\t\t<div class=\"elementor-element elementor-element-1d10940 elementor-widget elementor-widget-image\" data-id=\"1d10940\" data-element_type=\"widget\" data-widget_type=\"image.default\">\n\t\t\t\t<div class=\"elementor-widget-container\">\n\t\t\t\t\t\t\t\t\t\t\t\t\t<img decoding=\"async\" width=\"580\" height=\"821\" src=\"https:\/\/sindacatomedicitaliani.it\/wp-content\/uploads\/2022\/10\/Cattura2.jpg\" class=\"attachment-large size-large wp-image-8372\" alt=\"\" srcset=\"https:\/\/sindacatomedicitaliani.it\/wp-content\/uploads\/2022\/10\/Cattura2.jpg 580w, https:\/\/sindacatomedicitaliani.it\/wp-content\/uploads\/2022\/10\/Cattura2-212x300.jpg 212w\" sizes=\"(max-width: 580px) 100vw, 580px\" \/>\t\t\t\t\t\t\t\t\t\t\t\t\t<\/div>\n\t\t\t\t<\/div>\n\t\t\t\t\t<\/div>\n\t\t<\/div>\n\t\t\t\t\t<\/div>\n\t\t<\/section>\n\t\t\t\t<\/div>\n\t\t","protected":false},"excerpt":{"rendered":"<p>Comunicato Stampa V Congresso Nazionale SMI: \u201cIl nuovo Governo riapra il confronto con le rappresentanze [&hellip;]<\/p>\n","protected":false},"author":2,"featured_media":2912,"comment_status":"closed","ping_status":"open","sticky":false,"template":"","format":"standard","meta":{"footnotes":""},"categories":[6,25,11],"tags":[33,31,38,39,37],"_links":{"self":[{"href":"https:\/\/sindacatomedicitaliani.it\/index.php\/wp-json\/wp\/v2\/posts\/8377"}],"collection":[{"href":"https:\/\/sindacatomedicitaliani.it\/index.php\/wp-json\/wp\/v2\/posts"}],"about":[{"href":"https:\/\/sindacatomedicitaliani.it\/index.php\/wp-json\/wp\/v2\/types\/post"}],"author":[{"embeddable":true,"href":"https:\/\/sindacatomedicitaliani.it\/index.php\/wp-json\/wp\/v2\/users\/2"}],"replies":[{"embeddable":true,"href":"https:\/\/sindacatomedicitaliani.it\/index.php\/wp-json\/wp\/v2\/comments?post=8377"}],"version-history":[{"count":5,"href":"https:\/\/sindacatomedicitaliani.it\/index.php\/wp-json\/wp\/v2\/posts\/8377\/revisions"}],"predecessor-version":[{"id":8382,"href":"https:\/\/sindacatomedicitaliani.it\/index.php\/wp-json\/wp\/v2\/posts\/8377\/revisions\/8382"}],"wp:featuredmedia":[{"embeddable":true,"href":"https:\/\/sindacatomedicitaliani.it\/index.php\/wp-json\/wp\/v2\/media\/2912"}],"wp:attachment":[{"href":"https:\/\/sindacatomedicitaliani.it\/index.php\/wp-json\/wp\/v2\/media?parent=8377"}],"wp:term":[{"taxonomy":"category","embeddable":true,"href":"https:\/\/sindacatomedicitaliani.it\/index.php\/wp-json\/wp\/v2\/categories?post=8377"},{"taxonomy":"post_tag","embeddable":true,"href":"https:\/\/sindacatomedicitaliani.it\/index.php\/wp-json\/wp\/v2\/tags?post=8377"}],"curies":[{"name":"wp","href":"https:\/\/api.w.org\/{rel}","templated":true}]}}